{"id":27612,"date":"2019-04-12T19:00:00","date_gmt":"2019-04-12T23:00:00","guid":{"rendered":"https:\/\/linitiative.ca\/International\/musee-national-du-moudjahid-promouvoir-le-discours-de-la-memoire-nationale\/"},"modified":"2019-04-12T19:00:00","modified_gmt":"2019-04-12T23:00:00","slug":"musee-national-du-moudjahid-promouvoir-le-discours-de-la-memoire-nationale","status":"publish","type":"post","link":"https:\/\/linitiative.ca\/International\/musee-national-du-moudjahid-promouvoir-le-discours-de-la-memoire-nationale\/","title":{"rendered":"MUS\u00e9E NATIONAL DU MOUdJAHID :  Promouvoir le discours de la m\u00e9moire nationale"},"content":{"rendered":"<p>Dans le cadre de l\u2019\u00e9mission \u00abRendez-vous\u00bb, le mus\u00e9e national du Moudjahid a organis\u00e9, sa 204e \u00e9dition intitul\u00e9e \u00abUne vision de l\u2019\u00e9valuation de l\u2019activit\u00e9 de l\u2019\u00e9mission rendez-vous avec l\u2019histoire\u00bb.<\/p>\n<p>A cette occasion, le colonel \u00e0 la retraite, Ahmed Kerouche, a mis en lumi\u00e8re la n\u00e9cessit\u00e9 de promouvoir le discours de l\u2019histoire pour que toutes les cat\u00e9gories de la soci\u00e9t\u00e9 puissent saisir le pass\u00e9 de l\u2019Alg\u00e9rie. En ce sens, l\u2019intervenant a tenu \u00e0 pr\u00e9ciser l\u2019importance de moderniser les m\u00e9canismes de transmission du message, pour \u00ab\u00e9largir la sph\u00e8re des auditeurs\u00bb, chaque citoyen est cens\u00e9 conna\u00eetre les \u00e9v\u00e8nements remarquables de la m\u00e9moire alg\u00e9rienne.<\/p>\n<p>Le directeur du mus\u00e9e, Mustapha Bittam, a soulign\u00e9 la n\u00e9cessit\u00e9 de mettre en \u0153uvre une banque nationale pour la r\u00e9colte des informations qui concernent le mouvement national de r\u00e9sistance. Pour sa part, le doyen de la diplomatie alg\u00e9rienne, Saleh Belkoubi a consid\u00e9r\u00e9 que \u00abl\u2019\u00e9criture de l\u2019histoire alg\u00e9rienne se fait \u00e0 titre individuel\u00bb, saluant la politique du mus\u00e9e en ce qui concerne l\u2019enregistrement des t\u00e9moignages de moudjahidine, rappelant que l\u2019Histoire de l\u2019Alg\u00e9rie est riche en \u00e9v\u00e8nements.<\/p>\n<p>Les participants ont soulign\u00e9 l\u2019importance\u00a0 d\u2019organiser des conf\u00e9rences de proximit\u00e9 avec la jeunesse, afin qu\u2019elle puisse s\u2019impr\u00e9gner de l\u2019Histoire de sa patrie.<\/p>\n<p><strong>Hichem Hamza\u00a0 \u00a0\u00a0<\/strong><\/p>\n<p>Auteur: elmoudjahid<br \/>\n<a href=\"http:\/\/www.elmoudjahid.com\/fr\/actualites\/135759\">Cliquez ici pour lire l&rsquo;article depuis sa source.<\/a><\/p>\n","protected":false},"excerpt":{"rendered":"<p>Dans le cadre de l\u2019\u00e9mission \u00abRendez-vous\u00bb, le mus\u00e9e national du Moudjahid a organis\u00e9, sa 204e \u00e9dition intitul\u00e9e \u00abUne vision de l\u2019\u00e9valuation de l\u2019activit\u00e9 de l\u2019\u00e9mission rendez-vous avec l\u2019histoire\u00bb. A cette occasion, le colonel \u00e0 la retraite, Ahmed Kerouche, a mis en lumi\u00e8re la n\u00e9cessit\u00e9 de promouvoir le discours de l\u2019histoire pour que toutes les cat\u00e9gories [&hellip;]<\/p>\n","protected":false},"author":1744,"featured_media":0,"comment_status":"closed","ping_status":"closed","sticky":false,"template":"","format":"standard","meta":{"fifu_image_url":"","fifu_image_alt":"","footnotes":""},"categories":[73,53],"tags":[],"class_list":["post-27612","post","type-post","status-publish","format-standard","hentry","category-actualite","category-algerie"],"_links":{"self":[{"href":"https:\/\/linitiative.ca\/International\/wp-json\/wp\/v2\/posts\/27612","targetHints":{"allow":["GET"]}}],"collection":[{"href":"https:\/\/linitiative.ca\/International\/wp-json\/wp\/v2\/posts"}],"about":[{"href":"https:\/\/linitiative.ca\/International\/wp-json\/wp\/v2\/types\/post"}],"author":[{"embeddable":true,"href":"https:\/\/linitiative.ca\/International\/wp-json\/wp\/v2\/users\/1744"}],"replies":[{"embeddable":true,"href":"https:\/\/linitiative.ca\/International\/wp-json\/wp\/v2\/comments?post=27612"}],"version-history":[{"count":0,"href":"https:\/\/linitiative.ca\/International\/wp-json\/wp\/v2\/posts\/27612\/revisions"}],"wp:attachment":[{"href":"https:\/\/linitiative.ca\/International\/wp-json\/wp\/v2\/media?parent=27612"}],"wp:term":[{"taxonomy":"category","embeddable":true,"href":"https:\/\/linitiative.ca\/International\/wp-json\/wp\/v2\/categories?post=27612"},{"taxonomy":"post_tag","embeddable":true,"href":"https:\/\/linitiative.ca\/International\/wp-json\/wp\/v2\/tags?post=27612"}],"curies":[{"name":"wp","href":"https:\/\/api.w.org\/{rel}","templated":true}]}}