{"id":27613,"date":"2019-04-12T19:00:00","date_gmt":"2019-04-12T23:00:00","guid":{"rendered":"https:\/\/linitiative.ca\/International\/initiative-algerienne-pour-une-reunion-tripartite-sur-la-libye-m-boukadoum-sentretient-avec-son-homologue-libyen\/"},"modified":"2019-04-12T19:00:00","modified_gmt":"2019-04-12T23:00:00","slug":"initiative-algerienne-pour-une-reunion-tripartite-sur-la-libye-m-boukadoum-sentretient-avec-son-homologue-libyen","status":"publish","type":"post","link":"https:\/\/linitiative.ca\/International\/initiative-algerienne-pour-une-reunion-tripartite-sur-la-libye-m-boukadoum-sentretient-avec-son-homologue-libyen\/","title":{"rendered":"Initiative alg\u00e9rienne pour une r\u00e9union tripartite sur la Libye :  M. Boukadoum s\u2019entretient avec son homologue libyen"},"content":{"rendered":"<div class=\"TxArtcile\" readability=\"31\">\n<div class=\"ImgCapt\"><img loading=\"lazy\" decoding=\"async\" width=\"208\" height=\"208\" src=\"http:\/\/www.elmoudjahid.com\/temp\/fr\/actualite2[135760].jpg\" alt=\"\" \/><span>D.R<\/span><\/div>\n<p>Le ministre des Affaires \u00e9trang\u00e8res, Sabri Boukadoum, a eu, mercredi dernier, un entretien t\u00e9l\u00e9phonique avec son homologue libyen, Mohamed Tahar Siyala, au cours duquel le chef de la diplomatie alg\u00e9rienne a renouvel\u00e9 \u00ab\u00a0la solidarit\u00e9 pleine et enti\u00e8re de l\u2019Alg\u00e9rie avec le peuple libyen fr\u00e8re\u00a0\u00bb. M. Boukadoum a fait part \u00e0 M. Siyala \u00ab\u00a0de la grande pr\u00e9occupation de l\u2019Alg\u00e9rie face aux dangers qui guettent la Libye et toute la r\u00e9gion, du fait de la grave d\u00e9t\u00e9rioration de la situation s\u00e9curitaire dans ce pays\u00a0 \u00a0fr\u00e8re\u00a0\u00bb, r\u00e9it\u00e9rant l\u2019appel \u00e0 la retenue lanc\u00e9 par l\u2019Alg\u00e9rie \u00e0 toutes les parties libyennes, les exhortant \u00e0 \u00ab\u00a0favoriser la voie du dialogue et de la r\u00e9conciliation\u00a0\u00bb. Il a \u00e9galement inform\u00e9 le ministre libyen des Affaires \u00e9trang\u00e8res de l\u2019initiative alg\u00e9rienne \u00e0 convoquer, sans d\u00e9lai, la tripartite compos\u00e9e des pays voisins (Alg\u00e9rie, Tunisie et l\u2019Egypte) et l\u2019a \u00ab\u00a0mis au courant de la quintessence des entretiens t\u00e9l\u00e9phoniques qu\u2019il a eus \u00e0 ce sujet, dans la m\u00eame journ\u00e9e, avec ses homologues de Tunisie, M. Khemaies Jhinaoui, et d\u2019Egypte, M. Sameh Chokri, ainsi qu\u2019avec M. Ghassan Salame, repr\u00e9sentant sp\u00e9cial du Secr\u00e9taire g\u00e9n\u00e9ral de l&rsquo;ONU pour la Libye\u00a0\u00bb.\u00a0 \u00a0Pour sa part, M. Siyala a exprim\u00e9 \u00ab\u00a0sa haute appr\u00e9ciation des efforts de l\u2019Alg\u00e9rie pour transcender la situation difficile que traverse son pays, r\u00e9it\u00e9rant la reconnaissance \u00e0 l\u2019Alg\u00e9rie pour ses positions solidaires et constantes aux c\u00f4t\u00e9s du peuple libyen\u00a0\u00bb.\u00a0<\/p>\n<\/div>\n<div class=\"ModliArtilUne\">\n<ul>\n<li><strong>Publi\u00e9 dans :<\/strong><\/li>\n<\/ul>\n<\/div>\n<div class=\"MbComIns\" id=\"newcom\" readability=\"5.69402985075\">\n<h6>DONNEZ VOTRE AVIS<\/h6>\n<p>Il n&rsquo;y a actuellement aucune r\u00e9action \u00e0 cette information. Soyez le premier \u00e0 r\u00e9agir !<\/p>\n<p><a href=\"\" rel=\"#popup\" class=\"login resetbutton\">Identifiez-vous<\/a><a class=\"button\" href=\"http:\/\/www.elmoudjahid.com\/fr\/inscription\/\"><span>S&rsquo;inscrire<\/span><\/a><\/p>\n<\/div>\n<p>Auteur: elmoudjahid<br \/>\n<a href=\"http:\/\/www.elmoudjahid.com\/fr\/actualites\/135760\">Cliquez ici pour lire l&rsquo;article depuis sa source.<\/a><\/p>\n","protected":false},"excerpt":{"rendered":"<p>D.R Le ministre des Affaires \u00e9trang\u00e8res, Sabri Boukadoum, a eu, mercredi dernier, un entretien t\u00e9l\u00e9phonique avec son homologue libyen, Mohamed Tahar Siyala, au cours duquel le chef de la diplomatie alg\u00e9rienne a renouvel\u00e9 \u00ab\u00a0la solidarit\u00e9 pleine et enti\u00e8re de l\u2019Alg\u00e9rie avec le peuple libyen fr\u00e8re\u00a0\u00bb. M. Boukadoum a fait part \u00e0 M. Siyala \u00ab\u00a0de la [&hellip;]<\/p>\n","protected":false},"author":1744,"featured_media":27614,"comment_status":"closed","ping_status":"closed","sticky":false,"template":"","format":"standard","meta":{"fifu_image_url":"","fifu_image_alt":"","footnotes":""},"categories":[73,53],"tags":[],"class_list":["post-27613","post","type-post","status-publish","format-standard","has-post-thumbnail","hentry","category-actualite","category-algerie"],"_links":{"self":[{"href":"https:\/\/linitiative.ca\/International\/wp-json\/wp\/v2\/posts\/27613","targetHints":{"allow":["GET"]}}],"collection":[{"href":"https:\/\/linitiative.ca\/International\/wp-json\/wp\/v2\/posts"}],"about":[{"href":"https:\/\/linitiative.ca\/International\/wp-json\/wp\/v2\/types\/post"}],"author":[{"embeddable":true,"href":"https:\/\/linitiative.ca\/International\/wp-json\/wp\/v2\/users\/1744"}],"replies":[{"embeddable":true,"href":"https:\/\/linitiative.ca\/International\/wp-json\/wp\/v2\/comments?post=27613"}],"version-history":[{"count":0,"href":"https:\/\/linitiative.ca\/International\/wp-json\/wp\/v2\/posts\/27613\/revisions"}],"wp:featuredmedia":[{"embeddable":true,"href":"https:\/\/linitiative.ca\/International\/wp-json\/"}],"wp:attachment":[{"href":"https:\/\/linitiative.ca\/International\/wp-json\/wp\/v2\/media?parent=27613"}],"wp:term":[{"taxonomy":"category","embeddable":true,"href":"https:\/\/linitiative.ca\/International\/wp-json\/wp\/v2\/categories?post=27613"},{"taxonomy":"post_tag","embeddable":true,"href":"https:\/\/linitiative.ca\/International\/wp-json\/wp\/v2\/tags?post=27613"}],"curies":[{"name":"wp","href":"https:\/\/api.w.org\/{rel}","templated":true}]}}