{"id":27619,"date":"2019-04-13T05:17:33","date_gmt":"2019-04-13T09:17:33","guid":{"rendered":"https:\/\/linitiative.ca\/International\/88003-union-nord-africaine-de-football-zetchi-designe-president-par-interim\/"},"modified":"2019-04-13T05:17:33","modified_gmt":"2019-04-13T09:17:33","slug":"88003-union-nord-africaine-de-football-zetchi-designe-president-par-interim","status":"publish","type":"post","link":"https:\/\/linitiative.ca\/International\/88003-union-nord-africaine-de-football-zetchi-designe-president-par-interim\/","title":{"rendered":"Union nord-africaine de football: Zetchi d\u00e9sign\u00e9 pr\u00e9sident par int\u00e9rim"},"content":{"rendered":"<div>\n<div class=\"K2FeedImage\"><img decoding=\"async\" src=\"http:\/\/www.aps.dz\/media\/k2\/items\/cache\/a26a3befbb66363d29e60b1b38812c27_S.jpg\" alt=\"Union nord-africaine de football: Zetchi d\u00e9sign\u00e9 pr\u00e9sident par int\u00e9rim\"><\/div>\n<div class=\"K2FeedIntroText\">\n<p>ALGER- Le pr\u00e9sident de la F\u00e9d\u00e9ration alg\u00e9rienne de football (FAF), Khe\u00efreddine Zetchi, a \u00e9t\u00e9 d\u00e9sign\u00e9 pr\u00e9sident par int\u00e9rim de l\u2019Union nord-africaine de football (UNAF), a annonc\u00e9 vendredi soir l&rsquo;instance f\u00e9d\u00e9rale sur son site web.<\/p>\n<\/div>\n<div class=\"K2FeedFullText\">\n<blockquote>\n<p><em><strong>\u00a0\u00bbCette d\u00e9signation intervient apr\u00e8s la d\u00e9mission du Libyen Jamal El Jaafari, \u00e9lu en novembre 2018&Prime;, a expliqu\u00e9 la FAF dans un bref communiqu\u00e9.<\/strong><\/em><\/p>\n<\/blockquote>\n<p>Selon la m\u00eame source, le patron de la FAF assurera l\u2019int\u00e9rim jusqu\u2019\u00e0 la tenue de la prochaine assembl\u00e9e g\u00e9n\u00e9rale de l\u2019UNAF, pr\u00e9vue au mois de juillet.<\/p>\n<\/div>\n<p><img loading=\"lazy\" decoding=\"async\" src=\"http:\/\/feeds.feedburner.com\/~r\/aps-sport\/~4\/1NJL8qn8FBs\" height=\"1\" width=\"1\" alt=\"\"><\/div>\n<p>Auteur:<br \/>\n<a href=\"http:\/\/www.aps.dz\/sport\/88003-union-nord-africaine-de-football-zetchi-designe-president-par-interim?utm_source=feedburner&#038;utm_medium=feed&#038;utm_campaign=Feed%3A+aps-sport+%28APS+-+SPORT%29\">Cliquez ici pour lire l&rsquo;article depuis sa source.<\/a><\/p>\n","protected":false},"excerpt":{"rendered":"<p>ALGER- Le pr\u00e9sident de la F\u00e9d\u00e9ration alg\u00e9rienne de football (FAF), Khe\u00efreddine Zetchi, a \u00e9t\u00e9 d\u00e9sign\u00e9 pr\u00e9sident par int\u00e9rim de l\u2019Union nord-africaine de football (UNAF), a annonc\u00e9 vendredi soir l&rsquo;instance f\u00e9d\u00e9rale sur son site web. \u00a0\u00bbCette d\u00e9signation intervient apr\u00e8s la d\u00e9mission du Libyen Jamal El Jaafari, \u00e9lu en novembre 2018&Prime;, a expliqu\u00e9 la FAF dans un [&hellip;]<\/p>\n","protected":false},"author":1790,"featured_media":27620,"comment_status":"closed","ping_status":"closed","sticky":false,"template":"","format":"standard","meta":{"fifu_image_url":"","fifu_image_alt":"","footnotes":""},"categories":[53,75],"tags":[],"class_list":["post-27619","post","type-post","status-publish","format-standard","has-post-thumbnail","hentry","category-algerie","category-sport"],"_links":{"self":[{"href":"https:\/\/linitiative.ca\/International\/wp-json\/wp\/v2\/posts\/27619","targetHints":{"allow":["GET"]}}],"collection":[{"href":"https:\/\/linitiative.ca\/International\/wp-json\/wp\/v2\/posts"}],"about":[{"href":"https:\/\/linitiative.ca\/International\/wp-json\/wp\/v2\/types\/post"}],"author":[{"embeddable":true,"href":"https:\/\/linitiative.ca\/International\/wp-json\/wp\/v2\/users\/1790"}],"replies":[{"embeddable":true,"href":"https:\/\/linitiative.ca\/International\/wp-json\/wp\/v2\/comments?post=27619"}],"version-history":[{"count":0,"href":"https:\/\/linitiative.ca\/International\/wp-json\/wp\/v2\/posts\/27619\/revisions"}],"wp:featuredmedia":[{"embeddable":true,"href":"https:\/\/linitiative.ca\/International\/wp-json\/"}],"wp:attachment":[{"href":"https:\/\/linitiative.ca\/International\/wp-json\/wp\/v2\/media?parent=27619"}],"wp:term":[{"taxonomy":"category","embeddable":true,"href":"https:\/\/linitiative.ca\/International\/wp-json\/wp\/v2\/categories?post=27619"},{"taxonomy":"post_tag","embeddable":true,"href":"https:\/\/linitiative.ca\/International\/wp-json\/wp\/v2\/tags?post=27619"}],"curies":[{"name":"wp","href":"https:\/\/api.w.org\/{rel}","templated":true}]}}