{"id":27621,"date":"2019-04-13T07:39:36","date_gmt":"2019-04-13T11:39:36","guid":{"rendered":"https:\/\/linitiative.ca\/International\/88008-tournoi-international-cap-d-ail-youcef-rihane-sacre\/"},"modified":"2019-04-13T07:39:36","modified_gmt":"2019-04-13T11:39:36","slug":"88008-tournoi-international-cap-d-ail-youcef-rihane-sacre","status":"publish","type":"post","link":"https:\/\/linitiative.ca\/International\/88008-tournoi-international-cap-d-ail-youcef-rihane-sacre\/","title":{"rendered":"Tournoi international Cap-d&rsquo;Ail: Youcef Rihane sacr\u00e9"},"content":{"rendered":"<div>\n<div class=\"K2FeedImage\"><img decoding=\"async\" src=\"http:\/\/www.aps.dz\/media\/k2\/items\/cache\/54cb6e2a0b08de466c601a99850407da_S.jpg\" alt=\"Tournoi international Cap-d'Ail: Youcef Rihane sacr\u00e9\"><\/div>\n<div class=\"K2FeedIntroText\">\n<p><strong>PARIS &#8211; Le tennisman alg\u00e9rien Youcef Rihane a remport\u00e9 le Tournoi international juniors de Cap-d&rsquo;Ail, cl\u00f4tur\u00e9 samedi dans les Alpes-Maritimes (France), apr\u00e8s son succ\u00e8s en finale devant le Roumain Nicholas David Ionel par deux sets \u00e0 z\u00e9ro.<\/strong><\/p>\n<\/div>\n<div class=\"K2FeedFullText\">\n<p>Rihane, vice-champion d&rsquo;Afrique en titre, a remport\u00e9 le premier set 6-3 avant de dominer le second 6-2, en 1 heure et 30 minutes de jeu.<\/p>\n<p>L&rsquo;Alg\u00e9rien assurera ainsi 160 points dans le prochain classement ITF juniors qui sera publi\u00e9 lundi par la F\u00e9d\u00e9ration internationale de tennis (ITF) et aura de grandes chances de jouer le tableau final de Roland-Garros fin mai prochain.<\/p>\n<hr>\n<h3>Lire aussi:\u00a0<a href=\"http:\/\/www.aps.dz\/sport\/87975-tournoi-international-cap-d-ail-youcef-rihane-accede-au-dernier-carre\" target=\"_blank\" rel=\"noopener noreferrer\">Tournoi international Cap-d&rsquo;Ail: Youcef Rihane acc\u00e8de au dernier carr\u00e9<\/a><\/h3>\n<hr>\n<p>Avant d&rsquo;atteindre le dernier carr\u00e9, Rihane avait domin\u00e9 le N.48 mondial l&rsquo;Italien Flavio Cobolli en deux sets (6-0, 7-5), t\u00eate de s\u00e9rie N.3, avant de s&rsquo;imposer devant le Fran\u00e7ais Kyrian Jaquet en trois sets (5-7, 6-4, 6-3) en demi-finales.<\/p>\n<p>De Grade 2, ce tournoi international qui s&rsquo;est d\u00e9roul\u00e9 sur les courts en terre battue du Tennis club Cap-d&rsquo;Ail a drain\u00e9 la participation de plusieurs joueurs figurant dans le Top 50 mondial de la cat\u00e9gorie juniors.<\/p>\n<\/div>\n<p><img loading=\"lazy\" decoding=\"async\" src=\"http:\/\/feeds.feedburner.com\/~r\/aps-sport\/~4\/nNl4k7nDaN4\" height=\"1\" width=\"1\" alt=\"\"><\/div>\n<p>Auteur:<br \/>\n<a href=\"http:\/\/www.aps.dz\/sport\/88008-tournoi-international-cap-d-ail-youcef-rihane-sacre?utm_source=feedburner&#038;utm_medium=feed&#038;utm_campaign=Feed%3A+aps-sport+%28APS+-+SPORT%29\">Cliquez ici pour lire l&rsquo;article depuis sa source.<\/a><\/p>\n","protected":false},"excerpt":{"rendered":"<p>PARIS &#8211; Le tennisman alg\u00e9rien Youcef Rihane a remport\u00e9 le Tournoi international juniors de Cap-d&rsquo;Ail, cl\u00f4tur\u00e9 samedi dans les Alpes-Maritimes (France), apr\u00e8s son succ\u00e8s en finale devant le Roumain Nicholas David Ionel par deux sets \u00e0 z\u00e9ro. Rihane, vice-champion d&rsquo;Afrique en titre, a remport\u00e9 le premier set 6-3 avant de dominer le second 6-2, en [&hellip;]<\/p>\n","protected":false},"author":1790,"featured_media":27622,"comment_status":"closed","ping_status":"closed","sticky":false,"template":"","format":"standard","meta":{"fifu_image_url":"","fifu_image_alt":"","footnotes":""},"categories":[53,75],"tags":[],"class_list":["post-27621","post","type-post","status-publish","format-standard","has-post-thumbnail","hentry","category-algerie","category-sport"],"_links":{"self":[{"href":"https:\/\/linitiative.ca\/International\/wp-json\/wp\/v2\/posts\/27621","targetHints":{"allow":["GET"]}}],"collection":[{"href":"https:\/\/linitiative.ca\/International\/wp-json\/wp\/v2\/posts"}],"about":[{"href":"https:\/\/linitiative.ca\/International\/wp-json\/wp\/v2\/types\/post"}],"author":[{"embeddable":true,"href":"https:\/\/linitiative.ca\/International\/wp-json\/wp\/v2\/users\/1790"}],"replies":[{"embeddable":true,"href":"https:\/\/linitiative.ca\/International\/wp-json\/wp\/v2\/comments?post=27621"}],"version-history":[{"count":0,"href":"https:\/\/linitiative.ca\/International\/wp-json\/wp\/v2\/posts\/27621\/revisions"}],"wp:featuredmedia":[{"embeddable":true,"href":"https:\/\/linitiative.ca\/International\/wp-json\/"}],"wp:attachment":[{"href":"https:\/\/linitiative.ca\/International\/wp-json\/wp\/v2\/media?parent=27621"}],"wp:term":[{"taxonomy":"category","embeddable":true,"href":"https:\/\/linitiative.ca\/International\/wp-json\/wp\/v2\/categories?post=27621"},{"taxonomy":"post_tag","embeddable":true,"href":"https:\/\/linitiative.ca\/International\/wp-json\/wp\/v2\/tags?post=27621"}],"curies":[{"name":"wp","href":"https:\/\/api.w.org\/{rel}","templated":true}]}}