{"id":27626,"date":"2019-04-13T09:58:13","date_gmt":"2019-04-13T13:58:13","guid":{"rendered":"https:\/\/linitiative.ca\/International\/88019-foot-can-2019-gr-c-il-faudra-etre-pret-des-le-premier-match-face-au-kenya\/"},"modified":"2019-04-13T09:58:13","modified_gmt":"2019-04-13T13:58:13","slug":"88019-foot-can-2019-gr-c-il-faudra-etre-pret-des-le-premier-match-face-au-kenya","status":"publish","type":"post","link":"https:\/\/linitiative.ca\/International\/88019-foot-can-2019-gr-c-il-faudra-etre-pret-des-le-premier-match-face-au-kenya\/","title":{"rendered":"CAN-2019 : \u00ab\u00a0Il faudra \u00eatre pr\u00eat d\u00e8s le premier match face au Kenya\u00a0\u00bb"},"content":{"rendered":"<div>\n<div class=\"K2FeedImage\"><img decoding=\"async\" src=\"http:\/\/www.aps.dz\/media\/k2\/items\/cache\/8bbfd3a4dc6a80249cc83ffc9080c760_S.jpg\" alt=\"CAN-2019 : \" il faudra pr d le premier match face au kenya><\/div>\n<div class=\"K2FeedIntroText\">\n<p><strong>LE CAIRE &#8211; Le s\u00e9lectionneur de l&rsquo;\u00e9quipe nationale de football Djamel Belmadi a estim\u00e9 que l&rsquo;Alg\u00e9rie a h\u00e9rit\u00e9 d&rsquo;un groupe \u00ab\u00a0\u00e9quilibr\u00e9\u00a0\u00bb \u00e0 la phase finale de la Coupe d&rsquo;Afrique des nations CAN-2019 en Egypte (21 juin &#8211; 19 juillet), tout en relevant la n\u00e9cessit\u00e9 d&rsquo;\u00eatre \u00ab\u00a0pr\u00eat\u00a0\u00bb d\u00e8s le premier match.<\/strong><\/p>\n<\/div>\n<div class=\"K2FeedFullText\">\n<p>\u00ab\u00a0C\u2019est, \u00e0 mes yeux, un tirage assez \u00e9quilibr\u00e9, avec un S\u00e9n\u00e9gal que tout le monde conna\u00eet. Ils ont \u00e9t\u00e9 mondialistes. Ils vivent une vraie bonne p\u00e9riode, depuis deux ann\u00e9es au moins. Il y a une certaine stabilit\u00e9 dans leur \u00e9quipe. Les S\u00e9n\u00e9galais sont favoris dans cette comp\u00e9tition et pas seulement dans notre groupe. Il faudra \u00eatre pr\u00eat d\u00e8s le premier match, face aux Kenyans\u00a0\u00bb, a r\u00e9agi Belmadi au micro de RFI \u00e0 l&rsquo;issue du tirage au sort qui s&rsquo;est d\u00e9roul\u00e9 vendredi aux pieds des Pyramides du Gizeh.<\/p>\n<hr>\n<h3>Lire aussi:\u00a0<a href=\"http:\/\/www.aps.dz\/sport\/88001-football-can-2019-tirage-au-sort-l-algerie-dans-le-groupe-c-en-compagnie-notamment-du-senegal\" target=\"_blank\" rel=\"noopener noreferrer\">Foot\/ CAN-2019 (tirage au sort) : l&rsquo;Alg\u00e9rie dans le groupe C<\/a><\/h3>\n<hr>\n<p>L&rsquo;\u00e9quipe nationale, dont il s&rsquo;agit de la 18e participation \u00e0 la CAN-2019, affrontera le S\u00e9n\u00e9gal, premi\u00e8re nation africaine, le Kenya, et la Tanzanie. Les co\u00e9quipiers de Sofiane Feghouli entreront en lice le 23 juin face au Kenya au stade de la D\u00e9fense a\u00e9rienne, avant de d\u00e9fier le S\u00e9n\u00e9gal le 27 juin dans le m\u00eame stade, avant de conclure contre la Tanzanie le 1e juillet au stade Al-Salam du Caire.<\/p>\n<blockquote>\n<p><em><strong>\u00ab\u00a0Il y a le Kenya et la Tanzanie. Ce sont des \u00e9quipes qu\u2019il va falloir bien \u00e9tudier. Je ne vais pas vous mentir en vous disant que je les connais tr\u00e8s bien. Mais il va falloir les prendre au s\u00e9rieux\u00a0\u00bb, a-t-il ajout\u00e9.<\/strong><\/em><\/p>\n<\/blockquote>\n<p>Le match d&rsquo;ouverture du tournoi opposera le vendredi 21 juin l&rsquo;Egypte au Zimbabwe au stade international du Caire (21h00).<\/p>\n<p>Le tournoi va regrouper 24 pays pour la premi\u00e8re fois dans l&rsquo;histoire de l&rsquo;\u00e9preuve. Les deux premiers de chaque groupe ainsi que les quatre meilleurs troisi\u00e8mes seront qualifi\u00e9s pour les 1\/8es de finale.<\/p>\n<\/div>\n<p><img loading=\"lazy\" decoding=\"async\" src=\"http:\/\/feeds.feedburner.com\/~r\/aps-sport\/~4\/WL-oBsUDfrw\" height=\"1\" width=\"1\" alt=\"\"><\/div>\n<p>Auteur:<br \/>\n<a href=\"http:\/\/www.aps.dz\/sport\/88019-foot-can-2019-gr-c-il-faudra-etre-pret-des-le-premier-match-face-au-kenya?utm_source=feedburner&#038;utm_medium=feed&#038;utm_campaign=Feed%3A+aps-sport+%28APS+-+SPORT%29\">Cliquez ici pour lire l&rsquo;article depuis sa source.<\/a><\/p>\n","protected":false},"excerpt":{"rendered":"<p>LE CAIRE &#8211; Le s\u00e9lectionneur de l&rsquo;\u00e9quipe nationale de football Djamel Belmadi a estim\u00e9 que l&rsquo;Alg\u00e9rie a h\u00e9rit\u00e9 d&rsquo;un groupe \u00ab\u00a0\u00e9quilibr\u00e9\u00a0\u00bb \u00e0 la phase finale de la Coupe d&rsquo;Afrique des nations CAN-2019 en Egypte (21 juin &#8211; 19 juillet), tout en relevant la n\u00e9cessit\u00e9 d&rsquo;\u00eatre \u00ab\u00a0pr\u00eat\u00a0\u00bb d\u00e8s le premier match. \u00ab\u00a0C\u2019est, \u00e0 mes yeux, un [&hellip;]<\/p>\n","protected":false},"author":1790,"featured_media":27627,"comment_status":"closed","ping_status":"closed","sticky":false,"template":"","format":"standard","meta":{"fifu_image_url":"","fifu_image_alt":"","footnotes":""},"categories":[53,75],"tags":[],"class_list":["post-27626","post","type-post","status-publish","format-standard","has-post-thumbnail","hentry","category-algerie","category-sport"],"_links":{"self":[{"href":"https:\/\/linitiative.ca\/International\/wp-json\/wp\/v2\/posts\/27626","targetHints":{"allow":["GET"]}}],"collection":[{"href":"https:\/\/linitiative.ca\/International\/wp-json\/wp\/v2\/posts"}],"about":[{"href":"https:\/\/linitiative.ca\/International\/wp-json\/wp\/v2\/types\/post"}],"author":[{"embeddable":true,"href":"https:\/\/linitiative.ca\/International\/wp-json\/wp\/v2\/users\/1790"}],"replies":[{"embeddable":true,"href":"https:\/\/linitiative.ca\/International\/wp-json\/wp\/v2\/comments?post=27626"}],"version-history":[{"count":0,"href":"https:\/\/linitiative.ca\/International\/wp-json\/wp\/v2\/posts\/27626\/revisions"}],"wp:featuredmedia":[{"embeddable":true,"href":"https:\/\/linitiative.ca\/International\/wp-json\/"}],"wp:attachment":[{"href":"https:\/\/linitiative.ca\/International\/wp-json\/wp\/v2\/media?parent=27626"}],"wp:term":[{"taxonomy":"category","embeddable":true,"href":"https:\/\/linitiative.ca\/International\/wp-json\/wp\/v2\/categories?post=27626"},{"taxonomy":"post_tag","embeddable":true,"href":"https:\/\/linitiative.ca\/International\/wp-json\/wp\/v2\/tags?post=27626"}],"curies":[{"name":"wp","href":"https:\/\/api.w.org\/{rel}","templated":true}]}}