{"id":27637,"date":"2019-04-13T13:27:00","date_gmt":"2019-04-13T17:27:00","guid":{"rendered":"https:\/\/linitiative.ca\/International\/mouvement-dans-le-corps-des-walis-le-ministere-de-linterieur-dement\/"},"modified":"2019-04-13T13:27:00","modified_gmt":"2019-04-13T17:27:00","slug":"mouvement-dans-le-corps-des-walis-le-ministere-de-linterieur-dement","status":"publish","type":"post","link":"https:\/\/linitiative.ca\/International\/mouvement-dans-le-corps-des-walis-le-ministere-de-linterieur-dement\/","title":{"rendered":"MOUVEMENT DANS LE CORPS DES WALIS : Le Minist\u00e8re de l\u2019int\u00e9rieur d\u00e9ment"},"content":{"rendered":"<p><br id=\"sep_para_1\" class=\"sep_para access\"\/><\/p>\n<div id=\"para_1\" class=\"para_30389508 resize\">\n<div class=\"texte access firstletter\">Le minist\u00e8re de l\u2019Int\u00e9rieur a d\u00e9menti, ce vendredi 12 avril 2019, toute intention d\u2019op\u00e9rer un mouvement dans le corps des walis. \u00abSuite \u00e0 l\u2019article paru dans le journal El Khabar dans son \u00e9dition de\u00a0 jeudi 11 avril 2019, rapportant que le Minist\u00e8re de l\u2019int\u00e9rieur, des collectivit\u00e9s locales et de l\u2019am\u00e9nagement du territoire n\u2019envisage de proc\u00e9der \u00e0 un mouvement dans le corps des Walis avant l\u2019\u00e9lection pr\u00e9sidentielle. Le minist\u00e8re d\u00e9ment cette information infond\u00e9e et erron\u00e9e, et affirme qu\u2019il ne s\u2019appr\u00eate pas \u00e0 op\u00e9rer un mouvement dans ce corps\u00bb, a indiqu\u00e9 le Minist\u00e8re dans communiqu\u00e9 diffus\u00e9 sur son site.\u00a0\u00a0\u00a0<\/div>\n<\/div>\n<p>Auteur: Ismain<br \/>\n<a href=\"https:\/\/www.reflexiondz.net\/MOUVEMENT-DANS-LE-CORPS-DES-WALIS-Le-Ministere-de-l-interieur-dement_a55374.html\">Cliquez ici pour lire l&rsquo;article depuis sa source.<\/a><\/p>\n","protected":false},"excerpt":{"rendered":"<p>Le minist\u00e8re de l\u2019Int\u00e9rieur a d\u00e9menti, ce vendredi 12 avril 2019, toute intention d\u2019op\u00e9rer un mouvement dans le corps des walis. \u00abSuite \u00e0 l\u2019article paru dans le journal El Khabar dans son \u00e9dition de\u00a0 jeudi 11 avril 2019, rapportant que le Minist\u00e8re de l\u2019int\u00e9rieur, des collectivit\u00e9s locales et de l\u2019am\u00e9nagement du territoire n\u2019envisage de proc\u00e9der [&hellip;]<\/p>\n","protected":false},"author":1740,"featured_media":0,"comment_status":"closed","ping_status":"closed","sticky":false,"template":"","format":"standard","meta":{"fifu_image_url":"","fifu_image_alt":"","footnotes":""},"categories":[53,76],"tags":[],"class_list":["post-27637","post","type-post","status-publish","format-standard","hentry","category-algerie","category-regions"],"_links":{"self":[{"href":"https:\/\/linitiative.ca\/International\/wp-json\/wp\/v2\/posts\/27637","targetHints":{"allow":["GET"]}}],"collection":[{"href":"https:\/\/linitiative.ca\/International\/wp-json\/wp\/v2\/posts"}],"about":[{"href":"https:\/\/linitiative.ca\/International\/wp-json\/wp\/v2\/types\/post"}],"author":[{"embeddable":true,"href":"https:\/\/linitiative.ca\/International\/wp-json\/wp\/v2\/users\/1740"}],"replies":[{"embeddable":true,"href":"https:\/\/linitiative.ca\/International\/wp-json\/wp\/v2\/comments?post=27637"}],"version-history":[{"count":0,"href":"https:\/\/linitiative.ca\/International\/wp-json\/wp\/v2\/posts\/27637\/revisions"}],"wp:attachment":[{"href":"https:\/\/linitiative.ca\/International\/wp-json\/wp\/v2\/media?parent=27637"}],"wp:term":[{"taxonomy":"category","embeddable":true,"href":"https:\/\/linitiative.ca\/International\/wp-json\/wp\/v2\/categories?post=27637"},{"taxonomy":"post_tag","embeddable":true,"href":"https:\/\/linitiative.ca\/International\/wp-json\/wp\/v2\/tags?post=27637"}],"curies":[{"name":"wp","href":"https:\/\/api.w.org\/{rel}","templated":true}]}}