{"id":27638,"date":"2019-04-13T13:27:00","date_gmt":"2019-04-13T17:27:00","guid":{"rendered":"https:\/\/linitiative.ca\/International\/lutte-contre-le-trafic-de-drogue-saisie-de-plus-de-600-comprimes-de-psychotropes\/"},"modified":"2019-04-13T13:27:00","modified_gmt":"2019-04-13T17:27:00","slug":"lutte-contre-le-trafic-de-drogue-saisie-de-plus-de-600-comprimes-de-psychotropes","status":"publish","type":"post","link":"https:\/\/linitiative.ca\/International\/lutte-contre-le-trafic-de-drogue-saisie-de-plus-de-600-comprimes-de-psychotropes\/","title":{"rendered":"LUTTE CONTRE LE TRAFIC DE DROGUE : Saisie de plus de 600 comprim\u00e9s de psychotropes"},"content":{"rendered":"<p><br id=\"sep_para_1\" class=\"sep_para access\"\/><\/p>\n<div id=\"para_1\" class=\"para_30389451 resize\">\n<div class=\"texte access firstletter\">Plus\u00a0 de 600 comprim\u00e9s de psychotropes ont \u00e9t\u00e9 saisis\u00a0 dans le cadre d&rsquo;une op\u00e9ration men\u00e9e par la brigade de la Police des fronti\u00e8res maritimes du port de Mostaganem, a-t-on appris Samedi aupr\u00e8s de la s\u00fbret\u00e9 de wilaya. En effet , cette quantit\u00e9 a \u00e9t\u00e9 d\u00e9couverte lors d\u2019une op\u00e9ration de fouille men\u00e9e par les m\u00eames services au niveau de la gare maritime\u00a0 conduisant \u00e0 la saisie\u00a0 de 614 comprim\u00e9s de psychotropes de diff\u00e9rentes marques, dissimil\u00e9s dans un v\u00e9hicule de marque \u00abPeugeot\u00a0 jeep \u00bb en provenance\u00a0 du port de Valencia , portant une plaque d&rsquo;immatriculation \u00e9trang\u00e8re lequel a \u00e9t\u00e9 conduit par\u00a0 une personne \u00e2g\u00e9e de 42 ans\u00a0 de nationalit\u00e9 alg\u00e9rienne, immigr\u00e9e en France. Un dossier judicaire a \u00e9t\u00e9 \u00e9tabli \u00e0 l\u2019encontre du suspect suite auquel, il a \u00e9t\u00e9 pr\u00e9sent\u00e9 devant le parquet de Mostaganem o\u00f9 il a \u00e9t\u00e9 mis en d\u00e9tention\u00a0\u00a0 judiciaire en attendant sa comparution.\u00a0\u00a0\u00a0\u00a0\u00a0\u00a0\u00a0<\/div>\n<\/div>\n<p>Auteur: Gana Yacine<br \/>\n<a href=\"https:\/\/www.reflexiondz.net\/LUTTE-CONTRE-LE-TRAFIC-DE-DROGUE-Saisie-de-plus-de-600-comprimes-de-psychotropes_a55368.html\">Cliquez ici pour lire l&rsquo;article depuis sa source.<\/a><\/p>\n","protected":false},"excerpt":{"rendered":"<p>Plus\u00a0 de 600 comprim\u00e9s de psychotropes ont \u00e9t\u00e9 saisis\u00a0 dans le cadre d&rsquo;une op\u00e9ration men\u00e9e par la brigade de la Police des fronti\u00e8res maritimes du port de Mostaganem, a-t-on appris Samedi aupr\u00e8s de la s\u00fbret\u00e9 de wilaya. En effet , cette quantit\u00e9 a \u00e9t\u00e9 d\u00e9couverte lors d\u2019une op\u00e9ration de fouille men\u00e9e par les m\u00eames services [&hellip;]<\/p>\n","protected":false},"author":1740,"featured_media":0,"comment_status":"closed","ping_status":"closed","sticky":false,"template":"","format":"standard","meta":{"fifu_image_url":"","fifu_image_alt":"","footnotes":""},"categories":[53,76],"tags":[],"class_list":["post-27638","post","type-post","status-publish","format-standard","hentry","category-algerie","category-regions"],"_links":{"self":[{"href":"https:\/\/linitiative.ca\/International\/wp-json\/wp\/v2\/posts\/27638","targetHints":{"allow":["GET"]}}],"collection":[{"href":"https:\/\/linitiative.ca\/International\/wp-json\/wp\/v2\/posts"}],"about":[{"href":"https:\/\/linitiative.ca\/International\/wp-json\/wp\/v2\/types\/post"}],"author":[{"embeddable":true,"href":"https:\/\/linitiative.ca\/International\/wp-json\/wp\/v2\/users\/1740"}],"replies":[{"embeddable":true,"href":"https:\/\/linitiative.ca\/International\/wp-json\/wp\/v2\/comments?post=27638"}],"version-history":[{"count":0,"href":"https:\/\/linitiative.ca\/International\/wp-json\/wp\/v2\/posts\/27638\/revisions"}],"wp:attachment":[{"href":"https:\/\/linitiative.ca\/International\/wp-json\/wp\/v2\/media?parent=27638"}],"wp:term":[{"taxonomy":"category","embeddable":true,"href":"https:\/\/linitiative.ca\/International\/wp-json\/wp\/v2\/categories?post=27638"},{"taxonomy":"post_tag","embeddable":true,"href":"https:\/\/linitiative.ca\/International\/wp-json\/wp\/v2\/tags?post=27638"}],"curies":[{"name":"wp","href":"https:\/\/api.w.org\/{rel}","templated":true}]}}