{"id":27639,"date":"2019-04-13T13:27:00","date_gmt":"2019-04-13T17:27:00","guid":{"rendered":"https:\/\/linitiative.ca\/International\/presidentielle-ali-ghediri-encense-linstitution-militaire\/"},"modified":"2019-04-13T13:27:00","modified_gmt":"2019-04-13T17:27:00","slug":"presidentielle-ali-ghediri-encense-linstitution-militaire","status":"publish","type":"post","link":"https:\/\/linitiative.ca\/International\/presidentielle-ali-ghediri-encense-linstitution-militaire\/","title":{"rendered":"PRESIDENTIELLE : Ali Ghediri encense l\u2019institution militaire"},"content":{"rendered":"<p><br id=\"sep_para_1\" class=\"sep_para access\"\/><\/p>\n<div id=\"para_1\" class=\"para_30389466 resize\">\n<div class=\"texte access firstletter\">Ghediri a r\u00e9it\u00e9r\u00e9 son soutien \u00e0 la transition dans le cadre constitutionnel, en estimant que le maintien d\u2019Abdelkader Bensalah \u00e0 son poste de chef d\u2019Etat provisoire ne comporte aucun risque, \u00abd\u00e8s lors que l\u2019homme n\u2019a plus aucun pouvoir depuis le d\u00e9part de l\u2019ex-pr\u00e9sident Abdelaziz Bouteflika\u00bb. \u00abLa voie constitutionnelle est la plus ardue mais elle est la plus s\u00fbre\u00bb, r\u00e9sume Ali Ghediri. Interrog\u00e9 sur le r\u00f4le de l\u2019institution militaire et les craintes exprim\u00e9es par certains acteurs politiques quant aux risques de glissement vers un \u00abr\u00e9gime militaire\u00bb, le g\u00e9n\u00e9ral \u00e0 la retraite affirme que \u00abl\u2019intervention de l\u2019arm\u00e9e n\u2019aurait pas eu lieu si les autres institutions de l\u2019Etat \u00e9taient fond\u00e9es sur des bases d\u00e9mocratiques r\u00e9elles\u00bb. \u00abIl \u00e9tait de son devoir constitutionnel et patriotique d\u2019emp\u00eacher l\u2019effondrement de l\u2019Etat et d\u2019accompagner le peuple dans le processus \u00e9lectoral\u00bb. Le g\u00e9n\u00e9ral \u00e0 la retraite r\u00e9affirme son soutien de la d\u00e9marche de l\u2019institution militaire pour \u00abaccompagner\u00bb la transition actuelle mais assure qu\u2019il n\u2019en est pas le candidat.\u00a0 Pour lui, le seul moyen pour \u00e9viter des risques de r\u00e9cup\u00e9ration du mouvement populaire par des islamistes ou des puissances \u00e9trang\u00e8res, c\u2019est d\u2019aller vite aux \u00e9lections. Ali Ghediri a d\u00e9nonce, par ailleurs, les tentatives de r\u00e9cup\u00e9ration du mouvement populaire par certaines \u00e9lites politiques, sans les nommer.<\/div>\n<\/div>\n<p>Auteur: Ismain<br \/>\n<a href=\"https:\/\/www.reflexiondz.net\/PRESIDENTIELLE-Ali-Ghediri-encense-l-institution-militaire_a55371.html\">Cliquez ici pour lire l&rsquo;article depuis sa source.<\/a><\/p>\n","protected":false},"excerpt":{"rendered":"<p>Ghediri a r\u00e9it\u00e9r\u00e9 son soutien \u00e0 la transition dans le cadre constitutionnel, en estimant que le maintien d\u2019Abdelkader Bensalah \u00e0 son poste de chef d\u2019Etat provisoire ne comporte aucun risque, \u00abd\u00e8s lors que l\u2019homme n\u2019a plus aucun pouvoir depuis le d\u00e9part de l\u2019ex-pr\u00e9sident Abdelaziz Bouteflika\u00bb. \u00abLa voie constitutionnelle est la plus ardue mais elle est [&hellip;]<\/p>\n","protected":false},"author":1740,"featured_media":0,"comment_status":"closed","ping_status":"closed","sticky":false,"template":"","format":"standard","meta":{"fifu_image_url":"","fifu_image_alt":"","footnotes":""},"categories":[53,76],"tags":[],"class_list":["post-27639","post","type-post","status-publish","format-standard","hentry","category-algerie","category-regions"],"_links":{"self":[{"href":"https:\/\/linitiative.ca\/International\/wp-json\/wp\/v2\/posts\/27639","targetHints":{"allow":["GET"]}}],"collection":[{"href":"https:\/\/linitiative.ca\/International\/wp-json\/wp\/v2\/posts"}],"about":[{"href":"https:\/\/linitiative.ca\/International\/wp-json\/wp\/v2\/types\/post"}],"author":[{"embeddable":true,"href":"https:\/\/linitiative.ca\/International\/wp-json\/wp\/v2\/users\/1740"}],"replies":[{"embeddable":true,"href":"https:\/\/linitiative.ca\/International\/wp-json\/wp\/v2\/comments?post=27639"}],"version-history":[{"count":0,"href":"https:\/\/linitiative.ca\/International\/wp-json\/wp\/v2\/posts\/27639\/revisions"}],"wp:attachment":[{"href":"https:\/\/linitiative.ca\/International\/wp-json\/wp\/v2\/media?parent=27639"}],"wp:term":[{"taxonomy":"category","embeddable":true,"href":"https:\/\/linitiative.ca\/International\/wp-json\/wp\/v2\/categories?post=27639"},{"taxonomy":"post_tag","embeddable":true,"href":"https:\/\/linitiative.ca\/International\/wp-json\/wp\/v2\/tags?post=27639"}],"curies":[{"name":"wp","href":"https:\/\/api.w.org\/{rel}","templated":true}]}}