{"id":27652,"date":"2019-04-13T04:00:00","date_gmt":"2019-04-13T08:00:00","guid":{"rendered":"https:\/\/linitiative.ca\/International\/dr-rachad-ladjimi-un-precurseur-a-laube-de-la-medecine-tunisienne-photos-et-video\/"},"modified":"2019-04-13T04:00:00","modified_gmt":"2019-04-13T08:00:00","slug":"dr-rachad-ladjimi-un-precurseur-a-laube-de-la-medecine-tunisienne-photos-et-video","status":"publish","type":"post","link":"https:\/\/linitiative.ca\/International\/dr-rachad-ladjimi-un-precurseur-a-laube-de-la-medecine-tunisienne-photos-et-video\/","title":{"rendered":"Dr Rachad Ladjimi: Un pr\u00e9curseur, \u00e0 l\u2019aube de la m\u00e9decine tunisienne (Photos et Vid\u00e9o)"},"content":{"rendered":"<p><span class=\"c2\">C\u2019est un pan peu connu de la lutte des m\u00e9decins tunisiens pr\u00e9curseurs, par le m\u00e9rite et l\u2019excellence, pour occuper, du temps du protectorat fran\u00e7ais, le rang et les fonctions qu\u2019ils m\u00e9ritent. Premier m\u00e9decin tunisien nomm\u00e9, non sans grande peine, chef de service, le Dr Rachad Ladjimi (1908 -1998), l\u2019un des pionniers de la dermatov\u00e9n\u00e9rologie, fut, \u00e0 la fois, l\u2019acteur et le t\u00e9moin d\u2019une p\u00e9riode historique. Dans un ouvrage que d\u00e9die \u00e0 sa m\u00e9moire son fils fid\u00e8le, le Dr Adly Ladjimi (sp\u00e9cialiste en endocrinologie, diab\u00e9tologie et maladies m\u00e9taboliques), on d\u00e9couvre, au-del\u00e0 d\u2019une r\u00e9ussite scientifique et m\u00e9dicale, la reconnaissance du g\u00e9nie tunisien. L\u2019auteur n\u2019avait pas la t\u00e2che facile, devant s\u2019abstenir de tout commentaire personnel, pour laisser les t\u00e9moignages et les documents s\u2019exprimer. Son travail \u00e9tait cependant facilit\u00e9 par ce que son p\u00e8re lui avait laiss\u00e9 : de pr\u00e9cieuses archives soigneusement conserv\u00e9es et attentivement class\u00e9es. Dans la profusion des documents, tous int\u00e9ressants, il fallait cependant op\u00e9rer le bon choix et tout mettre en musique. L\u2019ensemble, sous une plume tr\u00e8s raffin\u00e9e. Le r\u00e9cit, agr\u00e9ment\u00e9 de photos, de coupures de journaux, de lettres et de discours, nous restitue un illustre personnage et toute une \u00e9poque.<\/span>Ce r\u00e9cit biographique relatant le parcours de ce jeune m\u00e9decin tunisien sous le Protectorat nous permet de percevoir les relations qui pr\u00e9valaient, d\u2019une part, entre les m\u00e9decins issus des diff\u00e9rentes communaut\u00e9s et, d\u2019autre part, entre les autorit\u00e9s coloniales et les m\u00e9decins tunisiens. En effet, \u00e0 partir de nombreux documents conserv\u00e9s- et annot\u00e9s &#8211; par le docteur Rachad Ladjimi, cet ouvrage nous r\u00e9v\u00e8le les obstacles auxquels il se heurta pour parvenir aux plus hautes responsabilit\u00e9s hospitali\u00e8res. Sa candidature en 1938 &#8211; sans pr\u00e9c\u00e9dent pour un Tunisien- le projette au-devant de la vie politique tant elle fut jug\u00e9e audacieuse. De fait, l\u2019importance de l\u2019enjeu n\u2019\u00e9chappait \u00e0 personne : ni aux autorit\u00e9s du Protectorat, ni \u00e0 l\u2019\u00e9lite intellectuelle tunisienne, ni \u00e0 la presse qui s\u2019empara de la question.<\/p>\n<p>Mesurant l\u2019importance de l\u2019enjeu, Rachad Ladjimi se montra opini\u00e2tre et d\u00e9termin\u00e9 pendant les douze ann\u00e9es (1938-1950) au cours desquelles l\u2019administration coloniale man\u0153uvrait pour lui d\u00e9nier le droit de pr\u00e9senter sa candidature au concours de chef de service des h\u00f4pitaux, dans son propre pays.<\/p>\n<p>En 1951, il savoure enfin son succ\u00e8s en ravissant la premi\u00e8re place au concours qui eut lieu \u00e0 Paris devant un prestigieux jury pr\u00e9sid\u00e9 par le professeur Henri Gougerot, p\u00e8re de la dermatologie fran\u00e7aise.\u00a0 Cette premi\u00e8re nomination fera date et sera salu\u00e9e par tous les m\u00e9decins de Tunisie, tunisiens et fran\u00e7ais. En conservant de tels documents, le docteur Rachad Ladjimi aura ind\u00e9niablement voulu perp\u00e9tuer le souvenir et rendre hommage \u00e0 ceux qui auront contribu\u00e9 \u00e0 forger son parcours. Parmi eux, les docteurs Antoine Cassar, Lucien Chattelier et Mohamed Ben Salem.<\/p>\n<p>Cassar et Chatellier lui t\u00e9moigneront une \u00e9mouvante empathie, se r\u00e9v\u00e9lant tour \u00e0 tour de v\u00e9ritables mentors. L\u2019un comme l\u2019autre n\u2019h\u00e9siteront pas \u00e0 braver, voire \u00e0 d\u00e9fier le R\u00e9sident G\u00e9n\u00e9ral pour faire acc\u00e9der leur jeune confr\u00e8re aux plus hautes responsabilit\u00e9s hospitali\u00e8res. Le docteur Ben Salem s\u2019empara de l\u2019\u00e9pineuse question d\u00e8s sa nomination en 1950 \u00e0 la t\u00eate du minist\u00e8re de la Sant\u00e9 en modifiant les textes r\u00e9glementaires afin de permettre aux m\u00e9decins tunisiens d\u2019acc\u00e9der aux plus hautes fonctions.<\/p>\n<p>Rachad Ladjimi assuma \u00e9galement des responsabilit\u00e9s syndicales en qualit\u00e9 de pr\u00e9sident du syndicat des m\u00e9decins tunisiens (1944-45) et manifesta son engagement politique par son adh\u00e9sion \u00e0 l\u2019Association des \u00e9tudiants musulmans nord-africains de France (Aemna) et par son r\u00f4le primordial au sein de la Soci\u00e9t\u00e9 de bienfaisance musulmane \u00abEl Khayria Islamya\u00bb en qualit\u00e9 de membre du bureau ex\u00e9cutif \u00e0 partir des ann\u00e9es 1940. Il pr\u00e9sidera avec brio la Soci\u00e9t\u00e9 des sciences m\u00e9dicales en 1956 et sera le pr\u00e9sident fondateur de la Soci\u00e9t\u00e9 tunisienne de dermatov\u00e9n\u00e9rologie (1980-1987).<\/p>\n<p>Reconnu comme \u00e9tant le doyen des dermatologues tunisiens, ce parcours le d\u00e9signera comme un \u00abpr\u00e9curseur \u00e0 l\u2019aube de la m\u00e9decine tunisienne\u00bb.<\/p>\n<p class=\"c3\"><iframe loading=\"lazy\" src=\"https:\/\/www.youtube.com\/embed\/HUfvREzJb8M\" allow=\"accelerometer; autoplay; encrypted-media; gyroscope; picture-in-picture\" allowfullscreen=\"\" width=\"560\" height=\"315\" frameborder=\"0\">[embedded content]<\/iframe><\/p>\n<h3>Les origines de la famille Ladjimi<\/h3>\n<p>D\u2019origine ottomane, la famille Ladjimi a fait souche \u00e0 Mazdour, dans le gouvernorat de Monastir. Cette ascendance ottomane est attest\u00e9e par plusieurs documents.<\/p>\n<p class=\"c3\"><img loading=\"lazy\" decoding=\"async\" src=\"\/uploads\/FCK_files\/1(45).jpg\" alt=\"\" width=\"700\" vspace=\"5\" hspace=\"5\" height=\"608\" align=\"middle\"\/><\/p>\n<ul>\n<li>Le patronyme Ladjimi est un surnom \u00abkonya\u00bb d\u00e9riv\u00e9 du mot Ajami qui d\u00e9signe, dans la p\u00e9ninsule arabique, les musulmans non arabophones, tels les Perses et les Turcs. L\u2019arbre g\u00e9n\u00e9alogique <strong><span class=\"c4\"><sup>(*)<\/sup><\/span><\/strong> \u00e9tabli en 1904 fait appara\u00eetre le patronyme originel de l\u2019a\u00efeul: Ahmed Duglum Elajeimy (ou Ladjimi selon la transcription fran\u00e7aise)<\/li>\n<\/ul>\n<p class=\"c3\"><img loading=\"lazy\" decoding=\"async\" src=\"\/uploads\/FCK_files\/2(49).jpg\" alt=\"\" width=\"700\" vspace=\"5\" hspace=\"5\" height=\"767\" align=\"middle\"\/><\/p>\n<ul>\n<li>Un d\u00e9cret<strong><span class=\"c4\"><sup>(*)<\/sup><\/span><\/strong> datant de 1855 et portant la signature du souverain Sadok Pacha Bey reconduit les pr\u00e9rogatives \u00e0 tous les membres de la famille Ladjimi, originaire de Mazdour, en raison de leur qualit\u00e9 d\u2019attach\u00e9s \u00e0 la Cour (Makhzen)<\/li>\n<li>Un document <strong><span class=\"c4\"><sup>(*)<\/sup><\/span><\/strong>sign\u00e9 en 1878 \u00e0 Constantinople atteste d\u2019une souscription personnelle faite par le g\u00e9n\u00e9ral Wannas Elajeimy (grand-p\u00e8re de Rachad) au profit du Croissant rouge ottoman au terme de sa participation \u00e0 la guerre russo-turque dans le contingent tunisien.<\/li>\n<\/ul>\n<p><span class=\"c5\"><em>* Source : archives personnelles<\/em><\/span><span class=\"c5\"><em><br \/><\/em><\/span><\/p>\n<p><em><strong>Dr Rachad Ladjimi &#8211; Un pr\u00e9curseur, \u00e0 l\u2019aube de la m\u00e9decine tunisienne<br \/>Du Dr Adly Ladjimi &#8211; Editions Glyphe, Paris, 192 p.\u00a0 f\u00e9vrier 2019<\/strong><\/em><br \/>\u00a0<\/p>\n<p class=\"c3\"><strong><a href=\"https:\/\/www.leaders.com.tn\/le_mensuel_abonnez_vous\" target=\"_blank\" rel=\"noopener noreferrer\"><img loading=\"lazy\" decoding=\"async\" src=\"\/uploads\/FCK_files\/Bandeau-Leaders-1-copie(18).jpg\" alt=\"\" width=\"500\" vspace=\"5\" hspace=\"5\" height=\"128\" align=\"middle\"\/><\/a><\/strong><\/p>\n<p>Auteur:<br \/>\n<a href=\"https:\/\/www.leaders.com.tn\/article\/26879-dr-rachad-ladjimi-un-precurseur-a-l-aube-de-la-medecine-tunisienne\">Cliquez ici pour lire l&rsquo;article depuis sa source.<\/a><\/p>\n","protected":false},"excerpt":{"rendered":"<p>C\u2019est un pan peu connu de la lutte des m\u00e9decins tunisiens pr\u00e9curseurs, par le m\u00e9rite et l\u2019excellence, pour occuper, du temps du protectorat fran\u00e7ais, le rang et les fonctions qu\u2019ils m\u00e9ritent. Premier m\u00e9decin tunisien nomm\u00e9, non sans grande peine, chef de service, le Dr Rachad Ladjimi (1908 -1998), l\u2019un des pionniers de la dermatov\u00e9n\u00e9rologie, fut, [&hellip;]<\/p>\n","protected":false},"author":1772,"featured_media":27653,"comment_status":"closed","ping_status":"closed","sticky":false,"template":"","format":"standard","meta":{"fifu_image_url":"","fifu_image_alt":"","footnotes":""},"categories":[73,55],"tags":[],"class_list":["post-27652","post","type-post","status-publish","format-standard","has-post-thumbnail","hentry","category-actualite","category-tunisie"],"_links":{"self":[{"href":"https:\/\/linitiative.ca\/International\/wp-json\/wp\/v2\/posts\/27652","targetHints":{"allow":["GET"]}}],"collection":[{"href":"https:\/\/linitiative.ca\/International\/wp-json\/wp\/v2\/posts"}],"about":[{"href":"https:\/\/linitiative.ca\/International\/wp-json\/wp\/v2\/types\/post"}],"author":[{"embeddable":true,"href":"https:\/\/linitiative.ca\/International\/wp-json\/wp\/v2\/users\/1772"}],"replies":[{"embeddable":true,"href":"https:\/\/linitiative.ca\/International\/wp-json\/wp\/v2\/comments?post=27652"}],"version-history":[{"count":0,"href":"https:\/\/linitiative.ca\/International\/wp-json\/wp\/v2\/posts\/27652\/revisions"}],"wp:featuredmedia":[{"embeddable":true,"href":"https:\/\/linitiative.ca\/International\/wp-json\/"}],"wp:attachment":[{"href":"https:\/\/linitiative.ca\/International\/wp-json\/wp\/v2\/media?parent=27652"}],"wp:term":[{"taxonomy":"category","embeddable":true,"href":"https:\/\/linitiative.ca\/International\/wp-json\/wp\/v2\/categories?post=27652"},{"taxonomy":"post_tag","embeddable":true,"href":"https:\/\/linitiative.ca\/International\/wp-json\/wp\/v2\/tags?post=27652"}],"curies":[{"name":"wp","href":"https:\/\/api.w.org\/{rel}","templated":true}]}}