{"id":27661,"date":"2019-04-13T06:31:47","date_gmt":"2019-04-13T10:31:47","guid":{"rendered":"https:\/\/linitiative.ca\/International\/tunisie-les-prix-de-la-viande-a-medenine-devraient-faire-honte-aux-bouchers-des-autres-regions\/"},"modified":"2019-04-13T06:31:47","modified_gmt":"2019-04-13T10:31:47","slug":"tunisie-les-prix-de-la-viande-a-medenine-devraient-faire-honte-aux-bouchers-des-autres-regions","status":"publish","type":"post","link":"https:\/\/linitiative.ca\/International\/tunisie-les-prix-de-la-viande-a-medenine-devraient-faire-honte-aux-bouchers-des-autres-regions\/","title":{"rendered":"Tunisie \u2013 Les prix de la viande \u00e0 M\u00e9denine devraient faire honte aux bouchers des autres r\u00e9gions"},"content":{"rendered":"<div class=\"post-cont-in left relative\">\n<div class=\"nc_socialPanel swp_flatFresh swp_d_fullColor swp_i_fullColor swp_o_fullColor scale-100 scale-fullWidth\" data-position=\"none\" data-float=\"floatNone\" data-count=\"5\" data-floatcolor=\"#ffffff\" data-emphasize=\"0\">\n<div class=\"nc_tweetContainer totes totesalt\" data-id=\"6\"><span class=\"swp_count\"><span class=\"swp_label\">Partages<\/span> 59<\/span><\/div>\n<\/div>\n<p>La chambre syndicale des bouchers de la r\u00e9gion de M\u00e9denine, relevant de l\u2019UTICA, a publi\u00e9 hier, 12 avril, un avis \u00e0 ses adh\u00e9rents les informant des prix \u00e0 la vente des viandes rouges fix\u00e9s, \u00e0 l\u2019occasion du mois de Ramadan.<\/p>\n<p><strong>Ainsi le prix de la viande de ch\u00e8vre est fix\u00e9 \u00e0 14 \u2013 15 DT\/ Kg;<\/strong><\/p>\n<div class=\"code-block code-block-1 c3\"><ins class=\"adsbygoogle c2\" data-ad-layout=\"in-article\" data-ad-format=\"fluid\" data-ad-client=\"ca-pub-2102118777505746\" data-ad-slot=\"7301775417\"\/> <\/div>\n<p><strong>Viande de mouton\u00a0: 20 \u2013 22 DT\/ Kg;<\/strong><\/p>\n<p><strong>Viande bovine pure\u00a0: 20 DT\/ Kg;<\/strong><\/p>\n<p><strong>Viande bovine \u00e0 l\u2019os\u00a0: 16 DT\/ Kg;<\/strong><\/p>\n<p><strong>Viande de veau de lait\u00a0: 22 DT\/ Kg;<\/strong><\/p>\n<p><strong>Viande de veau \u00e0 l\u2019os\u00a0: 20 DT\/ Kg;<\/strong><\/p>\n<p><strong>Viande de Chameau\u00a0: 16 DT\/ Kg;<\/strong><\/p>\n<p>Au vu de ces tarifs et sachant qu\u2019il s\u2019agit de la r\u00e9gion de M\u00e9denine pas sp\u00e9cialement g\u00e2t\u00e9e par la pluviom\u00e9trie et qui d\u00e9pend essentiellement des fourrages ramen\u00e9s \u00e0 force de milliers de dinars de carburants, il devient \u00e9vident que les bouchers des autres r\u00e9gions sont en train de spolier, voire, carr\u00e9ment de voler le consommateur. Une raison suppl\u00e9mentaire de d\u00e9cider le boycott de leurs marchandises, surtout pendant Ramadan.<\/p>\n<p>Sachant que la viande est de la marchandise p\u00e9rissable, ils seraient dans l\u2019obligation de s\u2019aligner sur des prix plus raisonnables.<\/p>\n<div class=\"code-block code-block-2 c3\"><ins class=\"adsbygoogle c2\" data-ad-layout=\"in-article\" data-ad-format=\"fluid\" data-ad-client=\"ca-pub-2102118777505746\" data-ad-slot=\"7301775417\"\/> <\/div>\n<p><img loading=\"lazy\" decoding=\"async\" class=\"aligncenter size-full wp-image-427945\" src=\"https:\/\/www.tunisienumerique.com\/wp-content\/uploads\/2019\/04\/utica-1.jpg\" alt=\"\" width=\"620\" height=\"877\" srcset=\"https:\/\/www.tunisienumerique.com\/wp-content\/uploads\/2019\/04\/utica-1.jpg 620w, https:\/\/www.tunisienumerique.com\/wp-content\/uploads\/2019\/04\/utica-1-600x849.jpg 600w\" sizes=\"auto, (max-width: 620px) 100vw, 620px\"\/><\/p>\n<div class=\"mvp-org-wrap mvp-org-logo\" itemprop=\"publisher\" itemscope=\"\" itemtype=\"https:\/\/schema.org\/Organization\"><img decoding=\"async\" src=\"https:\/\/www.tunisienumerique.com\/wp-content\/uploads\/2017\/02\/logo_tunisie_numerique.png\"\/><\/div>\n<div class=\"nc_socialPanel swp_flatFresh swp_d_fullColor swp_i_fullColor swp_o_fullColor scale-100 scale-fullWidth\" data-position=\"none\" data-float=\"floatNone\" data-count=\"5\" data-floatcolor=\"#ffffff\" data-emphasize=\"0\">\n<div class=\"nc_tweetContainer totes totesalt\" data-id=\"6\"><span class=\"swp_count\"><span class=\"swp_label\">Partages<\/span> 59<\/span><\/div>\n<\/div>\n<div class=\"mvp-related-posts left relative\">\n<h4 class=\"post-header\"><span class=\"post-header\">Lire aussi<\/span><\/h4>\n<\/div>\n<\/div>\n<p>Auteur: LM<br \/>\n<a href=\"https:\/\/www.tunisienumerique.com\/tunisie-les-prix-de-la-viande-a-medenine-devraient-faire-honte-aux-bouchers-des-autres-regions\/\">Cliquez ici pour lire l&rsquo;article depuis sa source.<\/a><\/p>\n","protected":false},"excerpt":{"rendered":"<p>Partages 59 La chambre syndicale des bouchers de la r\u00e9gion de M\u00e9denine, relevant de l\u2019UTICA, a publi\u00e9 hier, 12 avril, un avis \u00e0 ses adh\u00e9rents les informant des prix \u00e0 la vente des viandes rouges fix\u00e9s, \u00e0 l\u2019occasion du mois de Ramadan. Ainsi le prix de la viande de ch\u00e8vre est fix\u00e9 \u00e0 14 \u2013 [&hellip;]<\/p>\n","protected":false},"author":1789,"featured_media":27662,"comment_status":"closed","ping_status":"closed","sticky":false,"template":"","format":"standard","meta":{"fifu_image_url":"","fifu_image_alt":"","footnotes":""},"categories":[73,55],"tags":[],"class_list":["post-27661","post","type-post","status-publish","format-standard","has-post-thumbnail","hentry","category-actualite","category-tunisie"],"_links":{"self":[{"href":"https:\/\/linitiative.ca\/International\/wp-json\/wp\/v2\/posts\/27661","targetHints":{"allow":["GET"]}}],"collection":[{"href":"https:\/\/linitiative.ca\/International\/wp-json\/wp\/v2\/posts"}],"about":[{"href":"https:\/\/linitiative.ca\/International\/wp-json\/wp\/v2\/types\/post"}],"author":[{"embeddable":true,"href":"https:\/\/linitiative.ca\/International\/wp-json\/wp\/v2\/users\/1789"}],"replies":[{"embeddable":true,"href":"https:\/\/linitiative.ca\/International\/wp-json\/wp\/v2\/comments?post=27661"}],"version-history":[{"count":0,"href":"https:\/\/linitiative.ca\/International\/wp-json\/wp\/v2\/posts\/27661\/revisions"}],"wp:featuredmedia":[{"embeddable":true,"href":"https:\/\/linitiative.ca\/International\/wp-json\/"}],"wp:attachment":[{"href":"https:\/\/linitiative.ca\/International\/wp-json\/wp\/v2\/media?parent=27661"}],"wp:term":[{"taxonomy":"category","embeddable":true,"href":"https:\/\/linitiative.ca\/International\/wp-json\/wp\/v2\/categories?post=27661"},{"taxonomy":"post_tag","embeddable":true,"href":"https:\/\/linitiative.ca\/International\/wp-json\/wp\/v2\/tags?post=27661"}],"curies":[{"name":"wp","href":"https:\/\/api.w.org\/{rel}","templated":true}]}}