{"id":27665,"date":"2019-04-13T07:17:00","date_gmt":"2019-04-13T11:17:00","guid":{"rendered":"https:\/\/linitiative.ca\/International\/une-tentative-de-remake-du-printemps-arabe-en-algerie-tourne-court\/"},"modified":"2019-04-13T07:17:00","modified_gmt":"2019-04-13T11:17:00","slug":"une-tentative-de-remake-du-printemps-arabe-en-algerie-tourne-court","status":"publish","type":"post","link":"https:\/\/linitiative.ca\/International\/une-tentative-de-remake-du-printemps-arabe-en-algerie-tourne-court\/","title":{"rendered":"Une tentative de remake du \u00ab\u00a0printemps arabe\u00a0\u00bb en Alg\u00e9rie tourne court"},"content":{"rendered":"<div class=\"post-cont-in left relative\">\n<div class=\"nc_socialPanel swp_flatFresh swp_d_fullColor swp_i_fullColor swp_o_fullColor scale-100 scale-fullWidth\" data-position=\"none\" data-float=\"floatNone\" data-count=\"5\" data-floatcolor=\"#ffffff\" data-emphasize=\"0\">\n<div class=\"nc_tweetContainer totes totesalt\" data-id=\"6\"><span class=\"swp_count\"><span class=\"swp_label\">Partages<\/span> 5K<\/span><\/div>\n<\/div>\n<p>D\u00e9cid\u00e9ment, ceux qui se cachent, bien cal\u00e9s dans leurs fauteuils, derri\u00e8re les troubles qui ont d\u00e9clench\u00e9 le soi-disant printemps arabe, semblent \u00eatre en panne d\u2019imagination.<\/p>\n<p>En effet, quelle id\u00e9e de vouloir reprendre le m\u00eame sc\u00e9nario qui a d\u00e9stabilis\u00e9 une bonne partie du monde arabe, avec ses snipers, ses influenceurs sur les r\u00e9seaux sociaux, ses mercenaires \u00e9trangers, et de vouloir le refaire en int\u00e9gralit\u00e9 en Alg\u00e9rie. Ils ont n\u00e9glig\u00e9, au moins, deux \u00e9l\u00e9ments de premier ordre\u00a0:<\/p>\n<div class=\"code-block code-block-1 c3\"><ins class=\"adsbygoogle c2\" data-ad-layout=\"in-article\" data-ad-format=\"fluid\" data-ad-client=\"ca-pub-2102118777505746\" data-ad-slot=\"7301775417\"\/> <\/div>\n<p>D\u2019abord leur sc\u00e9nario est devenu archiconnu, bien que des pseudo-r\u00e9volutionnaires continuent \u00e0 se mentir et \u00e0 mentir aux autres en pr\u00e9tendant avoir conduit une r\u00e9volution spontan\u00e9e contre la tyrannie et tout le reste\u2026<\/p>\n<p>Ensuite, on ne badine pas avec l\u2019arm\u00e9e alg\u00e9rienne, de m\u00eame que sa police et sa gendarmerie constitu\u00e9es de vrais patriotiques et o\u00f9 les tra\u00eetres n\u2019ont pas leur place.<\/p>\n<p>Les comploteurs de l\u2019ombre viennent d\u2019en avoir la preuve \u00e0 leurs d\u00e9pends. Les forces de l\u2019ordre alg\u00e9riennes ont, en effet, annonc\u00e9 l\u2019arrestation de dizaines d\u2019individus, des alg\u00e9riens, mais aussi, des \u00e9trangers qui disposaient de beaucoup d\u2019armes et de munitions, ainsi que de comprim\u00e9s hallucinog\u00e8nes et qui nourrissaient l\u2019espoir d\u2019embraser le pays, en s\u2019attaquant aux jeunes protestataires, en les canardant comme ce fut le cas ailleurs et en rep\u00e9rant les jeunes les plus virulents dans le but d\u2019attiser les esprits.<\/p>\n<p>Parmi les individus arr\u00eat\u00e9s, il y a des alg\u00e9riens dont certains qui se croyaient oubli\u00e9s, comme les islamistes, qui ont d\u00e9terr\u00e9 leurs armes des ann\u00e9es noires. Il y avait aussi des \u00e9trangers, munis d\u2019armes et de mat\u00e9riel d\u2019\u00e9coute et d\u2019espionnage.<\/p>\n<p>Un beau coup de filet \u00e0 l\u2019actif des vaillantes forces de l\u2019ordre alg\u00e9riennes et une preuve en plus, si\u00a0 besoin est, d\u2019expliquer aux plus sceptiques ce qui s\u2019est, r\u00e9ellement, pass\u00e9 en 2011.<\/p>\n<div class=\"mvp-org-wrap mvp-org-logo\" itemprop=\"publisher\" itemscope=\"\" itemtype=\"https:\/\/schema.org\/Organization\"><img decoding=\"async\" src=\"https:\/\/www.tunisienumerique.com\/wp-content\/uploads\/2017\/02\/logo_tunisie_numerique.png\"\/><\/div>\n<div class=\"nc_socialPanel swp_flatFresh swp_d_fullColor swp_i_fullColor swp_o_fullColor scale-100 scale-fullWidth\" data-position=\"none\" data-float=\"floatNone\" data-count=\"5\" data-floatcolor=\"#ffffff\" data-emphasize=\"0\">\n<div class=\"nc_tweetContainer totes totesalt\" data-id=\"6\"><span class=\"swp_count\"><span class=\"swp_label\">Partages<\/span> 5K<\/span><\/div>\n<\/div>\n<div class=\"mvp-related-posts left relative\">\n<h4 class=\"post-header\"><span class=\"post-header\">Lire aussi<\/span><\/h4>\n<\/div>\n<\/div>\n<p>Auteur: LM<br \/>\n<a href=\"https:\/\/www.tunisienumerique.com\/une-tentative-de-remake-du-printemps-arabe-en-algerie-tourne-court\/\">Cliquez ici pour lire l&rsquo;article depuis sa source.<\/a><\/p>\n","protected":false},"excerpt":{"rendered":"<p>Partages 5K D\u00e9cid\u00e9ment, ceux qui se cachent, bien cal\u00e9s dans leurs fauteuils, derri\u00e8re les troubles qui ont d\u00e9clench\u00e9 le soi-disant printemps arabe, semblent \u00eatre en panne d\u2019imagination. En effet, quelle id\u00e9e de vouloir reprendre le m\u00eame sc\u00e9nario qui a d\u00e9stabilis\u00e9 une bonne partie du monde arabe, avec ses snipers, ses influenceurs sur les r\u00e9seaux sociaux, [&hellip;]<\/p>\n","protected":false},"author":1789,"featured_media":27666,"comment_status":"closed","ping_status":"closed","sticky":false,"template":"","format":"standard","meta":{"fifu_image_url":"","fifu_image_alt":"","footnotes":""},"categories":[73,55],"tags":[],"class_list":["post-27665","post","type-post","status-publish","format-standard","has-post-thumbnail","hentry","category-actualite","category-tunisie"],"_links":{"self":[{"href":"https:\/\/linitiative.ca\/International\/wp-json\/wp\/v2\/posts\/27665","targetHints":{"allow":["GET"]}}],"collection":[{"href":"https:\/\/linitiative.ca\/International\/wp-json\/wp\/v2\/posts"}],"about":[{"href":"https:\/\/linitiative.ca\/International\/wp-json\/wp\/v2\/types\/post"}],"author":[{"embeddable":true,"href":"https:\/\/linitiative.ca\/International\/wp-json\/wp\/v2\/users\/1789"}],"replies":[{"embeddable":true,"href":"https:\/\/linitiative.ca\/International\/wp-json\/wp\/v2\/comments?post=27665"}],"version-history":[{"count":0,"href":"https:\/\/linitiative.ca\/International\/wp-json\/wp\/v2\/posts\/27665\/revisions"}],"wp:featuredmedia":[{"embeddable":true,"href":"https:\/\/linitiative.ca\/International\/wp-json\/"}],"wp:attachment":[{"href":"https:\/\/linitiative.ca\/International\/wp-json\/wp\/v2\/media?parent=27665"}],"wp:term":[{"taxonomy":"category","embeddable":true,"href":"https:\/\/linitiative.ca\/International\/wp-json\/wp\/v2\/categories?post=27665"},{"taxonomy":"post_tag","embeddable":true,"href":"https:\/\/linitiative.ca\/International\/wp-json\/wp\/v2\/tags?post=27665"}],"curies":[{"name":"wp","href":"https:\/\/api.w.org\/{rel}","templated":true}]}}