{"id":27669,"date":"2019-04-13T10:31:00","date_gmt":"2019-04-13T14:31:00","guid":{"rendered":"https:\/\/linitiative.ca\/International\/can-2019-la-ftf-inquiete-pour-letat-du-stade-de-suez\/"},"modified":"2019-04-13T10:31:00","modified_gmt":"2019-04-13T14:31:00","slug":"can-2019-la-ftf-inquiete-pour-letat-du-stade-de-suez","status":"publish","type":"post","link":"https:\/\/linitiative.ca\/International\/can-2019-la-ftf-inquiete-pour-letat-du-stade-de-suez\/","title":{"rendered":"CAN 2019 : LA FTF inqui\u00e8te pour l\u2019\u00e9tat du stade de Suez\u00a0"},"content":{"rendered":"<div class=\"nc_socialPanel swp_flatFresh swp_d_fullColor swp_i_fullColor swp_o_fullColor scale-100 scale-fullWidth\" data-position=\"none\" data-float=\"floatNone\" data-count=\"5\" data-floatcolor=\"#ffffff\" data-emphasize=\"0\">\n<div class=\"nc_tweetContainer totes totesalt\" data-id=\"6\"><span class=\"swp_count\"><span class=\"swp_label\">Partages<\/span> 1<\/span><\/div>\n<\/div>\n<p>En visite au stade de Suez qui accueillera les matchs de l\u2019\u00e9quipe nationale en phase de poules de la Coupe d\u2019Afrique des nations 2019, la F\u00e9d\u00e9ration tunisienne de football (FTF)\u00a0a constat\u00e9 avec stup\u00e9faction l\u2019\u00e9tat du terrain.<\/p>\n<p>A la suite d\u2019une visite d\u2019inspection, la d\u00e9l\u00e9gation tunisienne a trouv\u00e9 un stade en plein travaux de r\u00e9habilitation, sans pelouse et des travaux partout, deux mois avant le coup d\u2019envoi de la comp\u00e9tition.<\/p>\n<div class=\"code-block code-block-1 c5\"><ins class=\"adsbygoogle c4\" data-ad-layout=\"in-article\" data-ad-format=\"fluid\" data-ad-client=\"ca-pub-2102118777505746\" data-ad-slot=\"7301775417\"\/> <\/div>\n<p>En cons\u00e9quence,\u00a0La\u00a0FTF\u00a0a exprim\u00e9 son inqui\u00e9tude face \u00e0 cette situation.<\/p>\n<p>Comme rappel, voici le programme des rencontres de la s\u00e9lection tunisienne \u00e0 la CAN 2019 :<\/p>\n<p><strong>24 juin :\u00a0\u00a0\u00a0<\/strong><\/p>\n<p>Tunisie \u2013 Angola (18h00).<\/p>\n<p><strong>28 juin :\u00a0\u00a0\u00a0<\/strong><\/p>\n<p>Tunisie \u2013 Mali (15h30).<\/p>\n<p><strong>2 juillet :\u00a0\u00a0\u00a0<\/strong><\/p>\n<p>Tunisie \u2013 Mauritanie (20h00).<\/p>\n<div class=\"code-block code-block-2 c5\"><ins class=\"adsbygoogle c4\" data-ad-layout=\"in-article\" data-ad-format=\"fluid\" data-ad-client=\"ca-pub-2102118777505746\" data-ad-slot=\"7301775417\"\/> <\/div>\n<div class=\"mvp-org-wrap mvp-org-logo\" itemprop=\"publisher\" itemscope=\"\" itemtype=\"https:\/\/schema.org\/Organization\"><img decoding=\"async\" src=\"https:\/\/sport.tunisienumerique.com\/wp-content\/uploads\/2017\/05\/logo_tunisie_numerique.png\"\/><\/div>\n<div class=\"nc_socialPanel swp_flatFresh swp_d_fullColor swp_i_fullColor swp_o_fullColor scale-100 scale-fullWidth\" data-position=\"none\" data-float=\"floatNone\" data-count=\"5\" data-floatcolor=\"#ffffff\" data-emphasize=\"0\">\n<div class=\"nc_tweetContainer totes totesalt\" data-id=\"6\"><span class=\"swp_count\"><span class=\"swp_label\">Partages<\/span> 1<\/span><\/div>\n<\/div>\n<div class=\"mvp-related-posts left relative\">\n<h4 class=\"post-header\"><span class=\"post-header\">Lire aussi<\/span><\/h4>\n<\/div>\n<p>Auteur: a.<br \/>\n<a href=\"https:\/\/sport.tunisienumerique.com\/can-2019-ftf-inquiete-letat-stade-de-suez\/\">Cliquez ici pour lire l&rsquo;article depuis sa source.<\/a><\/p>\n","protected":false},"excerpt":{"rendered":"<p>Partages 1 En visite au stade de Suez qui accueillera les matchs de l\u2019\u00e9quipe nationale en phase de poules de la Coupe d\u2019Afrique des nations 2019, la F\u00e9d\u00e9ration tunisienne de football (FTF)\u00a0a constat\u00e9 avec stup\u00e9faction l\u2019\u00e9tat du terrain. A la suite d\u2019une visite d\u2019inspection, la d\u00e9l\u00e9gation tunisienne a trouv\u00e9 un stade en plein travaux de [&hellip;]<\/p>\n","protected":false},"author":1789,"featured_media":27670,"comment_status":"closed","ping_status":"closed","sticky":false,"template":"","format":"standard","meta":{"fifu_image_url":"","fifu_image_alt":"","footnotes":""},"categories":[73,55],"tags":[],"class_list":["post-27669","post","type-post","status-publish","format-standard","has-post-thumbnail","hentry","category-actualite","category-tunisie"],"_links":{"self":[{"href":"https:\/\/linitiative.ca\/International\/wp-json\/wp\/v2\/posts\/27669","targetHints":{"allow":["GET"]}}],"collection":[{"href":"https:\/\/linitiative.ca\/International\/wp-json\/wp\/v2\/posts"}],"about":[{"href":"https:\/\/linitiative.ca\/International\/wp-json\/wp\/v2\/types\/post"}],"author":[{"embeddable":true,"href":"https:\/\/linitiative.ca\/International\/wp-json\/wp\/v2\/users\/1789"}],"replies":[{"embeddable":true,"href":"https:\/\/linitiative.ca\/International\/wp-json\/wp\/v2\/comments?post=27669"}],"version-history":[{"count":0,"href":"https:\/\/linitiative.ca\/International\/wp-json\/wp\/v2\/posts\/27669\/revisions"}],"wp:featuredmedia":[{"embeddable":true,"href":"https:\/\/linitiative.ca\/International\/wp-json\/"}],"wp:attachment":[{"href":"https:\/\/linitiative.ca\/International\/wp-json\/wp\/v2\/media?parent=27669"}],"wp:term":[{"taxonomy":"category","embeddable":true,"href":"https:\/\/linitiative.ca\/International\/wp-json\/wp\/v2\/categories?post=27669"},{"taxonomy":"post_tag","embeddable":true,"href":"https:\/\/linitiative.ca\/International\/wp-json\/wp\/v2\/tags?post=27669"}],"curies":[{"name":"wp","href":"https:\/\/api.w.org\/{rel}","templated":true}]}}