{"id":27677,"date":"2019-04-13T16:22:21","date_gmt":"2019-04-13T20:22:21","guid":{"rendered":"https:\/\/linitiative.ca\/International\/tunisie-hafedh-caied-essebsi-elu-a-monsatir-et-sofiene-toubel-plebiscite-a-hammamet\/"},"modified":"2019-04-13T16:22:21","modified_gmt":"2019-04-13T20:22:21","slug":"tunisie-hafedh-caied-essebsi-elu-a-monsatir-et-sofiene-toubel-plebiscite-a-hammamet","status":"publish","type":"post","link":"https:\/\/linitiative.ca\/International\/tunisie-hafedh-caied-essebsi-elu-a-monsatir-et-sofiene-toubel-plebiscite-a-hammamet\/","title":{"rendered":"Tunisie: Hafedh Ca\u00efed Essebsi \u00e9lu \u00e0 Monsatir et Sofi\u00e8ne Toubel pl\u00e9biscit\u00e9 \u00e0 Hammamet"},"content":{"rendered":"<div class=\"post-cont-in left relative\">\n<div class=\"nc_socialPanel swp_flatFresh swp_d_fullColor swp_i_fullColor swp_o_fullColor scale-100 scale-fullWidth\" data-position=\"none\" data-float=\"floatNone\" data-count=\"5\" data-floatcolor=\"#ffffff\" data-emphasize=\"0\">\n<div class=\"nc_tweetContainer totes totesalt\" data-id=\"6\"><span class=\"swp_count\"><span class=\"swp_label\">Partages<\/span> 7<\/span><\/div>\n<\/div>\n<p>Hafedh Ca\u00efed Essebsi a \u00e9t\u00e9 \u00e9lu pr\u00e9sident du Comit\u00e9 central du mouvement Nidaa Tounes, dans la soir\u00e9e de samedi \u00e0 Monastir, Kassem Makhlouf premier vice-pr\u00e9sident\u00a0et Marwan Bouieda\u00a0 deuxi\u00e8me vice-pr\u00e9sident du Comit\u00e9 central.<\/p>\n<p>Le nombre r\u00e9el des membres de d\u00e9l\u00e9gu\u00e9s du Comit\u00e9 central \u00e9tait de 129 dont 127 ont \u00e9t\u00e9 accept\u00e9s.<\/p>\n<div class=\"code-block code-block-1 c3\"><ins class=\"adsbygoogle c2\" data-ad-layout=\"in-article\" data-ad-format=\"fluid\" data-ad-client=\"ca-pub-2102118777505746\" data-ad-slot=\"7301775417\"\/> <\/div>\n<p>De son c\u00f4t\u00e9, Sofi\u00e8ne Toubal a \u00e9t\u00e9 \u00e9lu pr\u00e9sident du Comit\u00e9 central de Nidaa Tounes qui s\u2019est tenu \u00e0 Hammamet, samedi soir \u00e0 l\u2019appel de la pr\u00e9sidente du Congr\u00e8s \u00e9lectoral du parti, Samira Belkadi.<\/p>\n<p>Toubal a obtenu 115 voix sur 118 autoris\u00e9es.<\/p>\n<p>On rappelle qu\u2019apr\u00e8s l\u2019annulation de la liste du Bureau politique, deux Congr\u00e8s ont \u00e9t\u00e9 organis\u00e9 l\u2019un \u00e0 Monastir et l\u2019autre \u00e0 Hammamet.<\/p>\n<div class=\"mvp-org-wrap mvp-org-logo\" itemprop=\"publisher\" itemscope=\"\" itemtype=\"https:\/\/schema.org\/Organization\"><img decoding=\"async\" src=\"https:\/\/www.tunisienumerique.com\/wp-content\/uploads\/2017\/02\/logo_tunisie_numerique.png\"\/><\/div>\n<div class=\"nc_socialPanel swp_flatFresh swp_d_fullColor swp_i_fullColor swp_o_fullColor scale-100 scale-fullWidth\" data-position=\"none\" data-float=\"floatNone\" data-count=\"5\" data-floatcolor=\"#ffffff\" data-emphasize=\"0\">\n<div class=\"nc_tweetContainer totes totesalt\" data-id=\"6\"><span class=\"swp_count\"><span class=\"swp_label\">Partages<\/span> 7<\/span><\/div>\n<\/div>\n<div class=\"mvp-related-posts left relative\">\n<h4 class=\"post-header\"><span class=\"post-header\">Lire aussi<\/span><\/h4>\n<\/div>\n<\/div>\n<p>Auteur: Mourad S<br \/>\n<a href=\"https:\/\/www.tunisienumerique.com\/tunisie-hafedh-caied-essebsi-elu-a-monsatir-et-sofiene-toubel-plebiscite-a-hammamet\/\">Cliquez ici pour lire l&rsquo;article depuis sa source.<\/a><\/p>\n","protected":false},"excerpt":{"rendered":"<p>Partages 7 Hafedh Ca\u00efed Essebsi a \u00e9t\u00e9 \u00e9lu pr\u00e9sident du Comit\u00e9 central du mouvement Nidaa Tounes, dans la soir\u00e9e de samedi \u00e0 Monastir, Kassem Makhlouf premier vice-pr\u00e9sident\u00a0et Marwan Bouieda\u00a0 deuxi\u00e8me vice-pr\u00e9sident du Comit\u00e9 central. Le nombre r\u00e9el des membres de d\u00e9l\u00e9gu\u00e9s du Comit\u00e9 central \u00e9tait de 129 dont 127 ont \u00e9t\u00e9 accept\u00e9s. De son c\u00f4t\u00e9, [&hellip;]<\/p>\n","protected":false},"author":1789,"featured_media":27678,"comment_status":"closed","ping_status":"closed","sticky":false,"template":"","format":"standard","meta":{"fifu_image_url":"","fifu_image_alt":"","footnotes":""},"categories":[73,55],"tags":[],"class_list":["post-27677","post","type-post","status-publish","format-standard","has-post-thumbnail","hentry","category-actualite","category-tunisie"],"_links":{"self":[{"href":"https:\/\/linitiative.ca\/International\/wp-json\/wp\/v2\/posts\/27677","targetHints":{"allow":["GET"]}}],"collection":[{"href":"https:\/\/linitiative.ca\/International\/wp-json\/wp\/v2\/posts"}],"about":[{"href":"https:\/\/linitiative.ca\/International\/wp-json\/wp\/v2\/types\/post"}],"author":[{"embeddable":true,"href":"https:\/\/linitiative.ca\/International\/wp-json\/wp\/v2\/users\/1789"}],"replies":[{"embeddable":true,"href":"https:\/\/linitiative.ca\/International\/wp-json\/wp\/v2\/comments?post=27677"}],"version-history":[{"count":0,"href":"https:\/\/linitiative.ca\/International\/wp-json\/wp\/v2\/posts\/27677\/revisions"}],"wp:featuredmedia":[{"embeddable":true,"href":"https:\/\/linitiative.ca\/International\/wp-json\/"}],"wp:attachment":[{"href":"https:\/\/linitiative.ca\/International\/wp-json\/wp\/v2\/media?parent=27677"}],"wp:term":[{"taxonomy":"category","embeddable":true,"href":"https:\/\/linitiative.ca\/International\/wp-json\/wp\/v2\/categories?post=27677"},{"taxonomy":"post_tag","embeddable":true,"href":"https:\/\/linitiative.ca\/International\/wp-json\/wp\/v2\/tags?post=27677"}],"curies":[{"name":"wp","href":"https:\/\/api.w.org\/{rel}","templated":true}]}}