{"id":27680,"date":"2019-04-13T12:18:09","date_gmt":"2019-04-13T16:18:09","guid":{"rendered":"https:\/\/linitiative.ca\/International\/vers-une-annee-economique-2019-en-clair-obscur-pour-le-cameroun-coface\/"},"modified":"2019-04-13T12:18:09","modified_gmt":"2019-04-13T16:18:09","slug":"vers-une-annee-economique-2019-en-clair-obscur-pour-le-cameroun-coface","status":"publish","type":"post","link":"https:\/\/linitiative.ca\/International\/vers-une-annee-economique-2019-en-clair-obscur-pour-le-cameroun-coface\/","title":{"rendered":"Vers une ann\u00e9e \u00e9conomique 2019 en clair-obscur pour le Cameroun (Coface)"},"content":{"rendered":"<div readability=\"32\">\n<p>Publi\u00e9 le 13.04.2019 \u00e0 17h18 par APA News<\/p>\n<\/div>\n<div readability=\"114\">\n<p>L\u2019ann\u00e9e 2019 devrait voir une augmentation de la croissance \u00e9conomique au Cameroun, avec toutefois des difficult\u00e9s budg\u00e9taires persistantes auxquelles s\u2019ajoutent les incertitudes du conflit s\u00e9cessionniste dans les r\u00e9gions anglophones du Nord-Ouest et du Sud-Ouest, selon la derni\u00e8re \u00e9valuation de la Compagnie d\u2019assurance fran\u00e7aise pour le commerce ext\u00e9rieur (Coface).Le pays devrait ainsi b\u00e9n\u00e9ficier de la mont\u00e9e en puissance de la production de gaz naturel liqu\u00e9fi\u00e9 (GNL), gr\u00e2ce \u00e0 la mise en service d\u2019une unit\u00e9 flottante de liqu\u00e9faction au large de Kribi (Sud), qui viendrait compenser le d\u00e9clin progressif de la production de p\u00e9trole brut, du fait de la baisse depuis 2014 de l\u2019investissement dans de nouveaux projets.<\/p>\n<p>Le secteur secondaire devrait \u00e9galement b\u00e9n\u00e9ficier de la bonne tenue du secteur de la construction, gr\u00e2ce aux investissements dans des projets tels que l\u2019extension du port en eau profonde de Kribi ou la construction du barrage hydro\u00e9lectrique de Nachtigal (Centre), dans un environnement douch\u00e9 par le retrait au pays de l\u2019organisation de la Coupe d\u2019Afrique des nations (CAN) de football 2019 et le retard observ\u00e9 dans certains investissements sur le plan infrastructurel.<\/p>\n<p>Le secteur primaire, pour sa part, continue d\u2019\u00eatre plomb\u00e9 par la faible protection des droits fonciers et l\u2019acc\u00e8s limit\u00e9 au cr\u00e9dit, en m\u00eame temps que la production de caf\u00e9 et de cacao est perturb\u00e9e dans les bassins anglophones aujourd\u2019hui en proie \u00e0 des revendications s\u00e9paratistes.<\/p>\n<p>Pendant l\u2019ann\u00e9e en cours, et selon Coface, la r\u00e9duction du d\u00e9ficit budg\u00e9taire, quoique alourdie par la pression des d\u00e9penses s\u00e9curitaires, devrait se poursuivre gr\u00e2ce, entre autres, aux efforts entrepris dans l\u2019am\u00e9lioration de la collecte des recettes non p\u00e9troli\u00e8res, \u00e0 l\u2019instauration de la perception de l\u2019imp\u00f4t foncier \u00e0 travers les factures d\u2019\u00e9lectricit\u00e9 ou encore la r\u00e9duction du train de vie de l\u2019\u00c9tat.<\/p>\n<p>En 2019, selon Coface, la balance courante du Cameroun, qui a augment\u00e9 de +22,8% en 2018, demeurera d\u00e9ficitaire, le recours \u00e0 l\u2019endettement, combin\u00e9 au soutien du Fonds mon\u00e9taire international (FMI) dans le cadre d\u2019un programme de facilit\u00e9 \u00e9largie de cr\u00e9dit (FEC), seront de nature \u00e0 palier les besoins de financement ext\u00e9rieurs.<\/p>\n<p><ins data-revive-zoneid=\"9\" data-revive-id=\"10111e19d28d19d031742ee3b0b33eb0\"\/> <\/p>\n<p>Au rang des incertitudes, Coface pointe la derni\u00e8re \u00e9lection pr\u00e9sidentielle aux r\u00e9sultats controvers\u00e9s, la poursuite, voire l\u2019intensification des affrontements entre l\u2019arm\u00e9e et les s\u00e9paratistes anglophones, l\u2019activit\u00e9 de la secte islamiste Boko Haram dans l\u2019Extr\u00eame-Nord mais aussi le retrait de la CAN 2019, ayant terni l\u2019image du pr\u00e9sident Paul Biya que le rapport qualifie de \u00abSphinx d\u2019Etoudi\u00bb.<\/p>\n<p>Dans le m\u00eame ordre d\u2019id\u00e9es, le climat des affaires du Cameroun continue de souffrir d\u2019un environnement institutionnel et r\u00e9glementaire lourd et complexe, comme en t\u00e9moigne son 166\u00e8me rang (sur 190 pays) dans le classement Doing Business 2019 de la Banque mondiale, ainsi que de la pr\u00e9valence de la corruption.<\/p>\n<p>En termes d\u2019atouts du pays, Coface mentionne les ressources agricoles, p\u00e9troli\u00e8res et mini\u00e8res, la diversification de l\u2019\u00e9conomie, compar\u00e9e \u00e0 celle d\u2019autres pays exportateurs de p\u00e9trole ainsi que la modernisation en cours des infrastructures.<\/p>\n<p>Dans l\u2019autre sens, les points faibles, sont constitu\u00e9s de comptes ext\u00e9rieurs et publics d\u00e9pendants des hydrocarbures, d\u2019une croissance peu \u00abinclusive\u00bb et d\u2019un environnement des affaires encore difficile, d\u2019un risque politique accru du fait de l\u2019ins\u00e9curit\u00e9 dans l\u2019Extr\u00eame-Nord et la mont\u00e9e des tensions entre la minorit\u00e9 anglophone et un r\u00e9gime majoritairement francophone.<\/p>\n<\/div>\n<p>Auteur: APA News<br \/>\n<a href=\"https:\/\/www.journalducameroun.com\/fr\/vers-une-annee-economique-2019-en-clair-obscur-pour-le-cameroun-coface\/\">Cliquez ici pour lire l&rsquo;article depuis sa source.<\/a><\/p>\n","protected":false},"excerpt":{"rendered":"<p>Publi\u00e9 le 13.04.2019 \u00e0 17h18 par APA News L\u2019ann\u00e9e 2019 devrait voir une augmentation de la croissance \u00e9conomique au Cameroun, avec toutefois des difficult\u00e9s budg\u00e9taires persistantes auxquelles s\u2019ajoutent les incertitudes du conflit s\u00e9cessionniste dans les r\u00e9gions anglophones du Nord-Ouest et du Sud-Ouest, selon la derni\u00e8re \u00e9valuation de la Compagnie d\u2019assurance fran\u00e7aise pour le commerce ext\u00e9rieur [&hellip;]<\/p>\n","protected":false},"author":1965,"featured_media":0,"comment_status":"closed","ping_status":"closed","sticky":false,"template":"","format":"standard","meta":{"fifu_image_url":"","fifu_image_alt":"","footnotes":""},"categories":[73,82],"tags":[],"class_list":["post-27680","post","type-post","status-publish","format-standard","hentry","category-actualite","category-cameroun"],"_links":{"self":[{"href":"https:\/\/linitiative.ca\/International\/wp-json\/wp\/v2\/posts\/27680","targetHints":{"allow":["GET"]}}],"collection":[{"href":"https:\/\/linitiative.ca\/International\/wp-json\/wp\/v2\/posts"}],"about":[{"href":"https:\/\/linitiative.ca\/International\/wp-json\/wp\/v2\/types\/post"}],"author":[{"embeddable":true,"href":"https:\/\/linitiative.ca\/International\/wp-json\/wp\/v2\/users\/1965"}],"replies":[{"embeddable":true,"href":"https:\/\/linitiative.ca\/International\/wp-json\/wp\/v2\/comments?post=27680"}],"version-history":[{"count":0,"href":"https:\/\/linitiative.ca\/International\/wp-json\/wp\/v2\/posts\/27680\/revisions"}],"wp:attachment":[{"href":"https:\/\/linitiative.ca\/International\/wp-json\/wp\/v2\/media?parent=27680"}],"wp:term":[{"taxonomy":"category","embeddable":true,"href":"https:\/\/linitiative.ca\/International\/wp-json\/wp\/v2\/categories?post=27680"},{"taxonomy":"post_tag","embeddable":true,"href":"https:\/\/linitiative.ca\/International\/wp-json\/wp\/v2\/tags?post=27680"}],"curies":[{"name":"wp","href":"https:\/\/api.w.org\/{rel}","templated":true}]}}