{"id":27681,"date":"2019-04-13T12:18:11","date_gmt":"2019-04-13T16:18:11","guid":{"rendered":"https:\/\/linitiative.ca\/International\/sport-et-politique-au-menu-de-la-presse-ivoirienne\/"},"modified":"2019-04-13T12:18:11","modified_gmt":"2019-04-13T16:18:11","slug":"sport-et-politique-au-menu-de-la-presse-ivoirienne","status":"publish","type":"post","link":"https:\/\/linitiative.ca\/International\/sport-et-politique-au-menu-de-la-presse-ivoirienne\/","title":{"rendered":"Sport et politique au menu de la presse ivoirienne"},"content":{"rendered":"<div readability=\"32\">\n<p>Publi\u00e9 le 13.04.2019 \u00e0 17h18 par APA News<\/p>\n<\/div>\n<div readability=\"79\">\n<p>Les journaux quotidiens ivoiriens parus, samedi, sur l\u2019ensemble du territoire national commentent la poule des El\u00e9phants footballeurs \u00e0 la Coupe d\u2019Afrique des nations (CAN) 2019 en Egypte et traitent \u00e9galement divers sujets se rapportant \u00e0 la politique nationale.\u00ab CAN 2019 en Egypte : les El\u00e9phants retrouvent le Maroc. L\u2019Afrique du Sud et la Namibie sont les autres adversaires des ivoiriens \u00bb, renseigne le quotidien d\u2019Etat Fraternit\u00e9 Matin.<\/p>\n<p>Ce qui fait dire \u00e0 Soir Info que le s\u00e9lectionneur fran\u00e7ais Herv\u00e9 Renard (ndlr : entraineur des Lions de l\u2019Atlas du Maroc) est encore sur la route des El\u00e9phants de C\u00f4te d\u2019Ivoire pour cette 32\u00e8 \u00e9dition de la CAN en Egypte.<\/p>\n<p>\u00ab Tirage au sort de la CAN 2019\/ C\u00f4te d\u2019Ivoire : comment vaincre la poule de la mort ? \u00bb, s\u2019interroge de son c\u00f4t\u00e9 Le Nouveau R\u00e9veil.<\/p>\n<p>L\u2019Inter ouvre la page politique du jour en s\u2019interrogeant pourquoi Jeannot Kouadio-Ahoussou n\u2019a pas d\u00e9missionn\u00e9 de la pr\u00e9sidence du S\u00e9nat de C\u00f4te d\u2019Ivoire, quand Le Quotidien d\u2019Abidjan s\u2019int\u00e9resse quant \u00e0 lui au \u00ab revirement spectaculaire de situation \u00bb d\u2019une s\u00e9natrice du Rassemblement des Houphou\u00ebtistes pour la d\u00e9mocratie et la paix (RHDP, coalition au pouvoir) qui \u00ab craque et se r\u00e9volte contre le r\u00e9gime \u00bb.<\/p>\n<p>\u00ab Le RHDP n\u2019est pas au dessus de la loi (\u2026) La C\u00f4te d\u2019Ivoire n\u2019est la propri\u00e9t\u00e9 priv\u00e9e d\u2019aucun clan \u00bb, rapporte \u00e0 ce propos le confr\u00e8re en attribuant ces propos \u00e0 la s\u00e9natrice Mah Sogoma Bamba.<\/p>\n<p><ins data-revive-zoneid=\"9\" data-revive-id=\"10111e19d28d19d031742ee3b0b33eb0\"\/> <\/p>\n<p>Le Temps se d\u00e9porte pour sa part \u00e0 Bruxelles en Belgique o\u00f9 selon ce journal l\u2019ancien pr\u00e9sident Laurent Gbagbo a re\u00e7u \u00e0 sa r\u00e9sidence plusieurs personnalit\u00e9s pour \u00e9changer sur la situation sociopolitique de la C\u00f4te d\u2019Ivoire.<\/p>\n<p>Pendant ce temps, citant la Radio de la paix, Le Nouveau R\u00e9veil reprend une interview du pr\u00e9sident de l\u2019autre faction du Front populaire Ivoirien (FPI, opposition), Pascal Affi N\u2019Guessan qui pense que \u00ab l\u2019alliance PDCI-FPI est v\u00e9ritablement attendue par toute la C\u00f4te d\u2019Ivoire \u00bb.<\/p>\n<p>De son c\u00f4t\u00e9, Soir Info ouvre une lucarne sur la tourn\u00e9e politique de Guillaume Soro dans le Nord du pays. A ce propos, le confr\u00e8re r\u00e9v\u00e8le qu\u2019alors que l\u2019ancien pr\u00e9sident de l\u2019Assembl\u00e9e nationale \u00ab efface les traces du RHDP \u00bb dans cette partie du pays dont il est originaire, des populations lui d\u00e9ballent tout. Ce qui, selon ce journal a naturellement fait r\u00e9agir M. Soro.<\/p>\n<\/div>\n<p>Auteur: APA News<br \/>\n<a href=\"https:\/\/www.journalducameroun.com\/fr\/sport-et-politique-au-menu-de-la-presse-ivoirienne\/\">Cliquez ici pour lire l&rsquo;article depuis sa source.<\/a><\/p>\n","protected":false},"excerpt":{"rendered":"<p>Publi\u00e9 le 13.04.2019 \u00e0 17h18 par APA News Les journaux quotidiens ivoiriens parus, samedi, sur l\u2019ensemble du territoire national commentent la poule des El\u00e9phants footballeurs \u00e0 la Coupe d\u2019Afrique des nations (CAN) 2019 en Egypte et traitent \u00e9galement divers sujets se rapportant \u00e0 la politique nationale.\u00ab CAN 2019 en Egypte : les El\u00e9phants retrouvent le [&hellip;]<\/p>\n","protected":false},"author":1965,"featured_media":0,"comment_status":"closed","ping_status":"closed","sticky":false,"template":"","format":"standard","meta":{"fifu_image_url":"","fifu_image_alt":"","footnotes":""},"categories":[73,82],"tags":[],"class_list":["post-27681","post","type-post","status-publish","format-standard","hentry","category-actualite","category-cameroun"],"_links":{"self":[{"href":"https:\/\/linitiative.ca\/International\/wp-json\/wp\/v2\/posts\/27681","targetHints":{"allow":["GET"]}}],"collection":[{"href":"https:\/\/linitiative.ca\/International\/wp-json\/wp\/v2\/posts"}],"about":[{"href":"https:\/\/linitiative.ca\/International\/wp-json\/wp\/v2\/types\/post"}],"author":[{"embeddable":true,"href":"https:\/\/linitiative.ca\/International\/wp-json\/wp\/v2\/users\/1965"}],"replies":[{"embeddable":true,"href":"https:\/\/linitiative.ca\/International\/wp-json\/wp\/v2\/comments?post=27681"}],"version-history":[{"count":0,"href":"https:\/\/linitiative.ca\/International\/wp-json\/wp\/v2\/posts\/27681\/revisions"}],"wp:attachment":[{"href":"https:\/\/linitiative.ca\/International\/wp-json\/wp\/v2\/media?parent=27681"}],"wp:term":[{"taxonomy":"category","embeddable":true,"href":"https:\/\/linitiative.ca\/International\/wp-json\/wp\/v2\/categories?post=27681"},{"taxonomy":"post_tag","embeddable":true,"href":"https:\/\/linitiative.ca\/International\/wp-json\/wp\/v2\/tags?post=27681"}],"curies":[{"name":"wp","href":"https:\/\/api.w.org\/{rel}","templated":true}]}}