{"id":27682,"date":"2019-04-13T12:50:02","date_gmt":"2019-04-13T16:50:02","guid":{"rendered":"https:\/\/linitiative.ca\/International\/france-nouvelles-manifestations-de-gilets-jaunes-avant-les-annonces-de-macron\/"},"modified":"2019-04-13T12:50:02","modified_gmt":"2019-04-13T16:50:02","slug":"france-nouvelles-manifestations-de-gilets-jaunes-avant-les-annonces-de-macron","status":"publish","type":"post","link":"https:\/\/linitiative.ca\/International\/france-nouvelles-manifestations-de-gilets-jaunes-avant-les-annonces-de-macron\/","title":{"rendered":"France: nouvelles manifestations de \u00ab\u00a0gilets jaunes\u00a0\u00bb avant les annonces de Macron"},"content":{"rendered":"<div readability=\"32\">\n<p>Publi\u00e9 le 13.04.2019 \u00e0 17h50 par AFP<\/p>\n<\/div>\n<div readability=\"153\">\n<p>Quelques milliers de \u00ab\u00a0gilets jaunes\u00a0\u00bb ont de nouveau manifest\u00e9 en France pour le 22e samedi cons\u00e9cutif, indiff\u00e9rents aux prochaines annonces du pr\u00e9sident Emmanuel Macron, cens\u00e9es mettre un terme \u00e0 une crise sociale qui dure depuis pr\u00e8s de 5 mois.<\/p>\n<p>Le recul de la mobilisation observ\u00e9 la semaine derni\u00e8re semblait se confirmer, notamment \u00e0 Paris avec un cort\u00e8ge clairsem\u00e9. Selon les chiffres du minist\u00e8re de l\u2019Int\u00e9rieur, r\u00e9guli\u00e8rement contest\u00e9s par les gilets jaunes, les manifestations rassemblaient 7.500 personnes en France \u00e0 14H00, dont 1.300 \u00e0 Paris.<\/p>\n<p>\u00ab\u00a0Le grand d\u00e9bat, grand blabla\u00a0\u00bb, \u00ab\u00a0Macron on n\u2019attend rien de vos annonces\u00a0\u00bb, pouvait-on lire sur les pancartes brandies par les manifestants dans la capitale, o\u00f9 les forces de l\u2019ordre ont proc\u00e9d\u00e9 \u00e0 15 interpellations et 5.885 contr\u00f4les pr\u00e9ventifs, selon la pr\u00e9fecture.<\/p>\n<p>A Toulouse (sud-ouest), \u00ab\u00a0capitale\u00a0\u00bb du mouvement ce samedi, la tension est un peu mont\u00e9e entre le cort\u00e8ge et les forces de l\u2019ordre, qui ont lanc\u00e9 gaz lacrymog\u00e8nes et grenades assourdissantes pour r\u00e9duire le p\u00e9rim\u00e8tre de la manifestation, interdite au centre-ville.<\/p>\n<p>En d\u00e9but d\u2019apr\u00e8s-midi, dans le centre, une remorque de chantier et une camionnette ont \u00e9t\u00e9 incendi\u00e9es.<\/p>\n<p>\u00ab\u00a0Manifester est un droit fondamental et doit le rester\u00a0\u00bb, affirmait une banderole en t\u00eate du petit cort\u00e8ge de Bordeaux, autre ville du sud-ouest, o\u00f9 de tr\u00e8s nombreux axes menant au centre-ville avaient \u00e9t\u00e9 bloqu\u00e9s par les forces de l\u2019ordre.<\/p>\n<p>\u00ab\u00a0R\u00e9sistance!\u00a0\u00bb, \u00ab\u00a0Libert\u00e9! Libert\u00e9 de manifester!\u00a0\u00bb, scandaient les quelque 1.800 contestataires \u00e0 Montpellier (sud).<\/p>\n<p>Les manifestations de ce samedi \u00e9taient les premi\u00e8res depuis l\u2019entr\u00e9e en vigueur de la loi anticasseurs, instaurant notamment un d\u00e9lit de dissimulation du visage dans les manifestations.<\/p>\n<p>Ce texte a \u00e9t\u00e9 adopt\u00e9 le mois dernier dans le contexte de violences ayant \u00e9maill\u00e9 les manifestations de \u00ab\u00a0gilets jaunes\u00a0\u00bb depuis le d\u00e9but du mouvement. D\u00e9but d\u00e9cembre notamment, les images de chaos dans Paris et sur la c\u00e9l\u00e8bre avenue des Champs-Elys\u00e9es avaient fait le tour du monde.<\/p>\n<p>Il a \u00e9t\u00e9 partiellement censur\u00e9 par le Conseil constitutionnel, mais il \u00e9tait \u00e9galement dans le collimateur des manifestants parisiens samedi, r\u00e9clamant l\u2019abrogation int\u00e9grale de cette \u00ab\u00a0loi liberticide\u00a0\u00bb. La loi \u00ab\u00a0va ouvrir la voie \u00e0 des d\u00e9rives de la part de la police\u00a0\u00bb, s\u2019est indign\u00e9e Sophie Tissier, une manifestante dans la capitale, tandis qu\u2019un autre d\u00e9non\u00e7ait un \u00ab\u00a0Etat r\u00e9pressif\u00a0\u00bb.<\/p>\n<p><ins data-revive-zoneid=\"9\" data-revive-id=\"10111e19d28d19d031742ee3b0b33eb0\"\/> <\/p>\n<p>R\u00e9guli\u00e8rement impos\u00e9es depuis la mi-mars, les interdictions partielles de manifester ont \u00e9t\u00e9 \u00e9dict\u00e9es dans certaines villes. A Paris, les Champs-Elys\u00e9es sont de nouveau interdits aux manifestants.<\/p>\n<p>\u2013 \u00ab\u00a0Pas de seconde chance\u00a0\u00bb \u2013<\/p>\n<p>Les rassemblements interviennent en tour de chauffe d\u2019une nouvelle \u00ab\u00a0grande journ\u00e9e\u00a0\u00bb promise par les \u00ab\u00a0gilets jaunes\u00a0\u00bb le 20 avril, apr\u00e8s les annonces attendues d\u2019Emmanuel Macron dans les prochains jours.<\/p>\n<p>Apr\u00e8s plus de deux mois de consultation nationale, le chef de l\u2019Etat doit en effet annoncer des mesures \u00ab\u00a0puissantes\u00a0\u00bb et \u00ab\u00a0massives\u00a0\u00bb, selon l\u2019ex\u00e9cutif, pour tenter d\u2019apaiser le mouvement social, n\u00e9 \u00e0 l\u2019origine d\u2019un ras-le-bol fiscal. La pr\u00e9sidence n\u2019a d\u00e9voil\u00e9 ni la date exacte ni le format de cette prise de parole.<\/p>\n<p>Plusieurs pistes sont \u00e9voqu\u00e9es, telles une baisse de l\u2019imp\u00f4t sur le revenu, une r\u00e9indexation des petites retraites sur l\u2019inflation, ou encore des r\u00e9formes plus symboliques comme la suppression ou la r\u00e9forme de l\u2019ENA, \u00e9cole de formation des \u00e9lites de l\u2019Etat, la suppression des avantages des anciens pr\u00e9sidents et ministres\u2026<\/p>\n<p>Reste \u00e0 savoir si elles suffiront \u00e0 sortir de la crise. Le pr\u00e9sident Macron \u00ab\u00a0n\u2019aura pas de seconde chance\u00a0\u00bb, a estim\u00e9 samedi le pr\u00e9sident de droite du S\u00e9nat, G\u00e9rard Larcher, dans un entretien au Figaro.<\/p>\n<p>\u00ab\u00a0Les r\u00e9ponses ne pourront pas \u00eatre uniquement cosm\u00e9tiques ou purement institutionnelles. Il lui faudra faire preuve de p\u00e9dagogie dans ses choix, pr\u00e9senter un calendrier et une m\u00e9thode. Les Fran\u00e7ais ont besoin de confiance et de rassemblement, d\u2019un nouveau souffle et pas de +coups+\u00a0\u00bb, a-t-il ajout\u00e9.<\/p>\n<p>La semaine derni\u00e8re, \u00ab\u00a0l\u2019acte 21\u00a0\u00bb avait rassembl\u00e9 22.300 personnes dans les rues, selon le minist\u00e8re de l\u2019Int\u00e9rieur, soit le plus faible chiffre officiel depuis novembre. Sur la page Facebook du \u00ab\u00a0Nombre jaune\u00a0\u00bb, les \u00ab\u00a0gilets jaunes\u00a0\u00bb revendiquaient bien plus du triple.<\/p>\n<\/div>\n<p>Auteur: AFP<br \/>\n<a href=\"https:\/\/www.journalducameroun.com\/fr\/france-nouvelles-manifestations-de-gilets-jaunes-avant-les-annonces-de-macron\/\">Cliquez ici pour lire l&rsquo;article depuis sa source.<\/a><\/p>\n","protected":false},"excerpt":{"rendered":"<p>Publi\u00e9 le 13.04.2019 \u00e0 17h50 par AFP Quelques milliers de \u00ab\u00a0gilets jaunes\u00a0\u00bb ont de nouveau manifest\u00e9 en France pour le 22e samedi cons\u00e9cutif, indiff\u00e9rents aux prochaines annonces du pr\u00e9sident Emmanuel Macron, cens\u00e9es mettre un terme \u00e0 une crise sociale qui dure depuis pr\u00e8s de 5 mois. Le recul de la mobilisation observ\u00e9 la semaine derni\u00e8re [&hellip;]<\/p>\n","protected":false},"author":1965,"featured_media":0,"comment_status":"closed","ping_status":"closed","sticky":false,"template":"","format":"standard","meta":{"fifu_image_url":"","fifu_image_alt":"","footnotes":""},"categories":[73,82],"tags":[],"class_list":["post-27682","post","type-post","status-publish","format-standard","hentry","category-actualite","category-cameroun"],"_links":{"self":[{"href":"https:\/\/linitiative.ca\/International\/wp-json\/wp\/v2\/posts\/27682","targetHints":{"allow":["GET"]}}],"collection":[{"href":"https:\/\/linitiative.ca\/International\/wp-json\/wp\/v2\/posts"}],"about":[{"href":"https:\/\/linitiative.ca\/International\/wp-json\/wp\/v2\/types\/post"}],"author":[{"embeddable":true,"href":"https:\/\/linitiative.ca\/International\/wp-json\/wp\/v2\/users\/1965"}],"replies":[{"embeddable":true,"href":"https:\/\/linitiative.ca\/International\/wp-json\/wp\/v2\/comments?post=27682"}],"version-history":[{"count":0,"href":"https:\/\/linitiative.ca\/International\/wp-json\/wp\/v2\/posts\/27682\/revisions"}],"wp:attachment":[{"href":"https:\/\/linitiative.ca\/International\/wp-json\/wp\/v2\/media?parent=27682"}],"wp:term":[{"taxonomy":"category","embeddable":true,"href":"https:\/\/linitiative.ca\/International\/wp-json\/wp\/v2\/categories?post=27682"},{"taxonomy":"post_tag","embeddable":true,"href":"https:\/\/linitiative.ca\/International\/wp-json\/wp\/v2\/tags?post=27682"}],"curies":[{"name":"wp","href":"https:\/\/api.w.org\/{rel}","templated":true}]}}