{"id":27684,"date":"2019-04-13T13:18:04","date_gmt":"2019-04-13T17:18:04","guid":{"rendered":"https:\/\/linitiative.ca\/International\/la-croissance-en-afrique-centrale-prevue-a-32-en-2019-beac\/"},"modified":"2019-04-13T13:18:04","modified_gmt":"2019-04-13T17:18:04","slug":"la-croissance-en-afrique-centrale-prevue-a-32-en-2019-beac","status":"publish","type":"post","link":"https:\/\/linitiative.ca\/International\/la-croissance-en-afrique-centrale-prevue-a-32-en-2019-beac\/","title":{"rendered":"La croissance en Afrique centrale pr\u00e9vue \u00e0 3,2% en 2019 (Beac)"},"content":{"rendered":"<div readability=\"32\">\n<p>Publi\u00e9 le 13.04.2019 \u00e0 18h18 par APA News<\/p>\n<\/div>\n<div readability=\"98\">\n<p>La croissance \u00e9conomique de la Communaut\u00e9 \u00e9conomique et mon\u00e9taire de l\u2019Afrique centrale (Cemac) devrait se situer \u00e0 3,2% en 2019, contre 1,7% en 2018, selon les projections du Comit\u00e9 interminist\u00e9riel de l\u2019Union mon\u00e9taire de l\u2019Afrique centrale (Umac) parvenues samedi \u00e0 APA.Dans le m\u00eame temps, le taux d\u2019inflation devrait se situer \u00e0 2,2% en moyenne annuelle, avec un exc\u00e9dent du solde budg\u00e9taire de l\u2019ordre de 0,9% du produit int\u00e9rieur brut (PIB), contre -0,7% en 2018, un d\u00e9ficit du compte courant qui se creuserait davantage, repr\u00e9sentant 5,0% du PIB, contre 1,6% un an auparavant, et une expansion de la masse mon\u00e9taire \u00e0 +3,8% pour un taux de couverture ext\u00e9rieure de la monnaie qui se situerait \u00e0 65,7%.<\/p>\n<p>Au sujet des m\u00e9thodes de calcul de la circulation fiduciaire l\u2019Umac, dont la derni\u00e8re session ordinaire s\u2019est par ailleurs tenue le 2 avril dernier dans la m\u00e9tropole \u00e9conomique camerounaise, Douala, annonce la suppression du tri des billets de la Banque centrale par Etat, demandant au gouvernement de la Banque des \u00c9tats de l\u2019Afrique centrale (Beac) d\u2019entreprendre les travaux n\u00e9cessaires \u00e0 la mise en \u0153uvre de la nouvelle m\u00e9thodologie de d\u00e9termination de ladite circulation au sein des pays membres, \u00abdans des conditions pr\u00e9servant la fiabilit\u00e9 des statistiques au niveau de la balance des paiements\u00bb.<\/p>\n<p>Ce faisant, l\u2019Umac a engag\u00e9 le gouvernement de l\u2019Institut d\u2019\u00e9mission \u00e0 entreprendre des actions aupr\u00e8s des \u00c9tats membres afin d\u2019interdire \u00abl\u2019usage des pi\u00e8ces de monnaie \u00e0 des fins autres que celles li\u00e9es au r\u00e8glement des transactions \u00e9conomiques\u00bb.<\/p>\n<p>S\u2019agissant de ce ph\u00e9nom\u00e8ne, le gouverneur de la Beac, Abbas Mahamat Tolli a, le 18 d\u00e9cembre 2018, annonc\u00e9 l\u2019ouverture des enqu\u00eates avec les autorit\u00e9s des pays membres de la Cemac, aux fins de d\u00e9terminer l\u2019ampleur, les circuits et l\u2019historicit\u00e9 de la disparition des pi\u00e8ces de monnaie dans la sous-r\u00e9gion.<\/p>\n<p><ins data-revive-zoneid=\"9\" data-revive-id=\"10111e19d28d19d031742ee3b0b33eb0\"\/> <\/p>\n<p>\u00abJe n\u2019en ai pas connaissance de fa\u00e7on pr\u00e9cise, mais je sais que, par voie de presse, nous avons appris qu\u2019il y a des comportements de certaines entreprises qui, non seulement transf\u00e8rent des pi\u00e8ces de monnaie FCFA, mais exportent ces pi\u00e8ces\u00bb, avait-il alors d\u00e9clar\u00e9.<\/p>\n<p>En novembre 2018, une cha\u00eene de t\u00e9l\u00e9vision camerounaise avait, sur le sujet, diffus\u00e9 un reportage dans lequel la gendarmerie avait saisi \u00e0 Douala un conteneur de pi\u00e8ces d\u2019argent d\u2019une valeur de 2 millions FCFA chez un asiatique, destin\u00e9 \u00e0 \u00eatre export\u00e9 afin d\u2019\u00eatre recycl\u00e9 dans la fabrication des bijoux.<\/p>\n<\/div>\n<p>Auteur: APA News<br \/>\n<a href=\"https:\/\/www.journalducameroun.com\/fr\/la-croissance-en-afrique-centrale-prevue-a-32-en-2019-beac\/\">Cliquez ici pour lire l&rsquo;article depuis sa source.<\/a><\/p>\n","protected":false},"excerpt":{"rendered":"<p>Publi\u00e9 le 13.04.2019 \u00e0 18h18 par APA News La croissance \u00e9conomique de la Communaut\u00e9 \u00e9conomique et mon\u00e9taire de l\u2019Afrique centrale (Cemac) devrait se situer \u00e0 3,2% en 2019, contre 1,7% en 2018, selon les projections du Comit\u00e9 interminist\u00e9riel de l\u2019Union mon\u00e9taire de l\u2019Afrique centrale (Umac) parvenues samedi \u00e0 APA.Dans le m\u00eame temps, le taux d\u2019inflation [&hellip;]<\/p>\n","protected":false},"author":1965,"featured_media":0,"comment_status":"closed","ping_status":"closed","sticky":false,"template":"","format":"standard","meta":{"fifu_image_url":"","fifu_image_alt":"","footnotes":""},"categories":[73,82],"tags":[],"class_list":["post-27684","post","type-post","status-publish","format-standard","hentry","category-actualite","category-cameroun"],"_links":{"self":[{"href":"https:\/\/linitiative.ca\/International\/wp-json\/wp\/v2\/posts\/27684","targetHints":{"allow":["GET"]}}],"collection":[{"href":"https:\/\/linitiative.ca\/International\/wp-json\/wp\/v2\/posts"}],"about":[{"href":"https:\/\/linitiative.ca\/International\/wp-json\/wp\/v2\/types\/post"}],"author":[{"embeddable":true,"href":"https:\/\/linitiative.ca\/International\/wp-json\/wp\/v2\/users\/1965"}],"replies":[{"embeddable":true,"href":"https:\/\/linitiative.ca\/International\/wp-json\/wp\/v2\/comments?post=27684"}],"version-history":[{"count":0,"href":"https:\/\/linitiative.ca\/International\/wp-json\/wp\/v2\/posts\/27684\/revisions"}],"wp:attachment":[{"href":"https:\/\/linitiative.ca\/International\/wp-json\/wp\/v2\/media?parent=27684"}],"wp:term":[{"taxonomy":"category","embeddable":true,"href":"https:\/\/linitiative.ca\/International\/wp-json\/wp\/v2\/categories?post=27684"},{"taxonomy":"post_tag","embeddable":true,"href":"https:\/\/linitiative.ca\/International\/wp-json\/wp\/v2\/tags?post=27684"}],"curies":[{"name":"wp","href":"https:\/\/api.w.org\/{rel}","templated":true}]}}