{"id":27686,"date":"2019-04-13T14:18:03","date_gmt":"2019-04-13T18:18:03","guid":{"rendered":"https:\/\/linitiative.ca\/International\/le-depute-nialbe-nouveau-chef-de-file-de-lopposition-tchadienne\/"},"modified":"2019-04-13T14:18:03","modified_gmt":"2019-04-13T18:18:03","slug":"le-depute-nialbe-nouveau-chef-de-file-de-lopposition-tchadienne","status":"publish","type":"post","link":"https:\/\/linitiative.ca\/International\/le-depute-nialbe-nouveau-chef-de-file-de-lopposition-tchadienne\/","title":{"rendered":"Le d\u00e9put\u00e9 Nialb\u00e9, nouveau chef de file de l\u2019opposition tchadienne"},"content":{"rendered":"<div readability=\"32\">\n<p>Publi\u00e9 le 13.04.2019 \u00e0 19h18 par APA News<\/p>\n<\/div>\n<div readability=\"74\">\n<p>Le pr\u00e9sident de l\u2019Union pour le Renouveau et la D\u00e9mocratie (URD), Romadoumngar F\u00e9lix Nialb\u00e9 est le nouveau le chef de file de l\u2019opposition suite \u00e0 un arr\u00eat de la Cour supr\u00eame, a appris APA, samedi, de sources proches de ce parti.Le d\u00e9put\u00e9 Saleh Kebzabo, par ailleurs pr\u00e9sident de l\u2019Union national pour le d\u00e9veloppement et le renouveau (UNDR) a perdu son statut de chef de file de l\u2019opposition apr\u00e8s la r\u00e9duction du nombre de ses d\u00e9put\u00e9s de huit \u00e0 sept, conform\u00e9ment \u00e0 la loi.<\/p>\n<p>\u00ab Le chef de file de l\u2019opposition revient au parti qui a plus de d\u00e9put\u00e9s. En cas d\u2019\u00e9galit\u00e9, un d\u00e9compte des suffrages exprim\u00e9s devrait \u00eatre fait \u00bb, a expliqu\u00e9 \u00e0 APA, le nouveau chef de file de l\u2019opposition, Romadoumngar F\u00e9lix Nialb\u00e9.<\/p>\n<p>M. Nialb\u00e9 a soulign\u00e9 qu\u2019apr\u00e8s le d\u00e9c\u00e8s d\u2019un de ses d\u00e9put\u00e9, l\u2019UNDR s\u2019est retrouv\u00e9 avec huit d\u00e9put\u00e9s tout comme l\u2019URD. \u00ab Mais, a-t-il soulign\u00e9, \u00e0 l\u2019\u00e9poque, en 2016, son parti, par solidarit\u00e9 de l\u2019opposition n\u2019a pas voulu \u00e9voquer les dispositions de la loi sur le d\u00e9compte des suffrages exprim\u00e9s \u00bb.<\/p>\n<p><ins data-revive-zoneid=\"9\" data-revive-id=\"10111e19d28d19d031742ee3b0b33eb0\"\/> <\/p>\n<p>\u00ab En mars 2019, l\u2019UNDR a vu un de ses d\u00e9put\u00e9s d\u00e9missionn\u00e9, r\u00e9duisant leur nombre \u00e0 sept. C\u2019est pourquoi nous avons saisi la Cour supr\u00eame pour statuer. Par arr\u00eat du 11 avril, la Cour supr\u00eame a effectivement donn\u00e9 \u00e0 l\u2019URD raison parce qu\u2019elle a huit d\u00e9put\u00e9s et a d\u00e9sign\u00e9 son pr\u00e9sident comme le nouveau chef de file de l\u2019opposition \u00bb, a indiqu\u00e9 Romadoumngar F\u00e9lix Nialb\u00e9.<\/p>\n<p>Le d\u00e9put\u00e9 Saleh Kebzabo, dont le congr\u00e8s de son parti vient d\u2019\u00eatre report\u00e9, n\u2019a pas encore r\u00e9agi \u00e0 cette situation.<\/p>\n<\/div>\n<p>Auteur: APA News<br \/>\n<a href=\"https:\/\/www.journalducameroun.com\/fr\/le-depute-nialbe-nouveau-chef-de-file-de-lopposition-tchadienne\/\">Cliquez ici pour lire l&rsquo;article depuis sa source.<\/a><\/p>\n","protected":false},"excerpt":{"rendered":"<p>Publi\u00e9 le 13.04.2019 \u00e0 19h18 par APA News Le pr\u00e9sident de l\u2019Union pour le Renouveau et la D\u00e9mocratie (URD), Romadoumngar F\u00e9lix Nialb\u00e9 est le nouveau le chef de file de l\u2019opposition suite \u00e0 un arr\u00eat de la Cour supr\u00eame, a appris APA, samedi, de sources proches de ce parti.Le d\u00e9put\u00e9 Saleh Kebzabo, par ailleurs pr\u00e9sident [&hellip;]<\/p>\n","protected":false},"author":1965,"featured_media":0,"comment_status":"closed","ping_status":"closed","sticky":false,"template":"","format":"standard","meta":{"fifu_image_url":"","fifu_image_alt":"","footnotes":""},"categories":[73,82],"tags":[],"class_list":["post-27686","post","type-post","status-publish","format-standard","hentry","category-actualite","category-cameroun"],"_links":{"self":[{"href":"https:\/\/linitiative.ca\/International\/wp-json\/wp\/v2\/posts\/27686","targetHints":{"allow":["GET"]}}],"collection":[{"href":"https:\/\/linitiative.ca\/International\/wp-json\/wp\/v2\/posts"}],"about":[{"href":"https:\/\/linitiative.ca\/International\/wp-json\/wp\/v2\/types\/post"}],"author":[{"embeddable":true,"href":"https:\/\/linitiative.ca\/International\/wp-json\/wp\/v2\/users\/1965"}],"replies":[{"embeddable":true,"href":"https:\/\/linitiative.ca\/International\/wp-json\/wp\/v2\/comments?post=27686"}],"version-history":[{"count":0,"href":"https:\/\/linitiative.ca\/International\/wp-json\/wp\/v2\/posts\/27686\/revisions"}],"wp:attachment":[{"href":"https:\/\/linitiative.ca\/International\/wp-json\/wp\/v2\/media?parent=27686"}],"wp:term":[{"taxonomy":"category","embeddable":true,"href":"https:\/\/linitiative.ca\/International\/wp-json\/wp\/v2\/categories?post=27686"},{"taxonomy":"post_tag","embeddable":true,"href":"https:\/\/linitiative.ca\/International\/wp-json\/wp\/v2\/tags?post=27686"}],"curies":[{"name":"wp","href":"https:\/\/api.w.org\/{rel}","templated":true}]}}