{"id":27687,"date":"2019-04-13T15:50:02","date_gmt":"2019-04-13T19:50:02","guid":{"rendered":"https:\/\/linitiative.ca\/International\/declarations-dimpots-de-trump-ladministration-va-sefforcer-de-repondre-dans-les-delais\/"},"modified":"2019-04-13T15:50:02","modified_gmt":"2019-04-13T19:50:02","slug":"declarations-dimpots-de-trump-ladministration-va-sefforcer-de-repondre-dans-les-delais","status":"publish","type":"post","link":"https:\/\/linitiative.ca\/International\/declarations-dimpots-de-trump-ladministration-va-sefforcer-de-repondre-dans-les-delais\/","title":{"rendered":"D\u00e9clarations d\u2019imp\u00f4ts de Trump: l\u2019administration va s\u2019efforcer de r\u00e9pondre dans les d\u00e9lais"},"content":{"rendered":"<div readability=\"32\">\n<p>Publi\u00e9 le 13.04.2019 \u00e0 20h50 par AFP<\/p>\n<\/div>\n<div readability=\"115\">\n<p>L\u2019administration Trump va s\u2019efforcer de r\u00e9pondre dans les d\u00e9lais impos\u00e9s par les d\u00e9mocrates pour qu\u2019elle produise les d\u00e9clarations d\u2019imp\u00f4ts de Donald Trump, a indiqu\u00e9 samedi le secr\u00e9taire am\u00e9ricain au Tr\u00e9sor sans toutefois s\u2019engager sur le fond en raison de contraintes l\u00e9gales.<\/p>\n<p>\u00ab\u00a0Je suis s\u00fbr que nous r\u00e9pondrons d\u2019ici cette \u00e9ch\u00e9ance\u00a0\u00bb, a d\u00e9clar\u00e9 Steven Mnuchin tout en soulignant qu\u2019il ne \u00ab\u00a0(pouvait s\u2019engager) pr\u00e9matur\u00e9ment sur leur capacit\u00e9 \u00e0 conclure l\u2019examen l\u00e9gal d\u2019ici cette \u00e9ch\u00e9ance\u00a0\u00bb.<\/p>\n<p>Le pr\u00e9sident d\u00e9mocrate d\u2019une Commission parlementaire a demand\u00e9 samedi \u00e0 l\u2019administration fiscale am\u00e9ricaine de produire les d\u00e9clarations d\u2019imp\u00f4ts du pr\u00e9sident am\u00e9ricain le 23 avril au plus tard, apr\u00e8s de longues tergiversations.<\/p>\n<p>Dans une lettre adress\u00e9e \u00e0 l\u2019IRS (Internal Revenue Services), Richard Neal, pr\u00e9sident de la commission dite des Voies et moyens (ways and means), qui supervise notamment les questions fiscales, met en garde les services fiscaux am\u00e9ricains.<\/p>\n<p>La non transmission des d\u00e9clarations de revenus de Donald Trump d\u2019ici au 23 avril au plus tard serait interpr\u00e9t\u00e9e \u00ab\u00a0comme un refus\u00a0\u00bb, a-t-il pr\u00e9venu, dans une lettre au responsable de l\u2019administration fiscale, Charles Rettig.<\/p>\n<p>Forts de leur nouvelle majorit\u00e9 \u00e0 la Chambre des repr\u00e9sentants, les d\u00e9mocrates avaient demand\u00e9, la semaine derni\u00e8re, au fisc am\u00e9ricain qu\u2019il leur communique les six derni\u00e8res d\u00e9clarations de revenus annuelles du pr\u00e9sident am\u00e9ricain avant le 10 avril.<\/p>\n<p>Mercredi, date butoir, le Tr\u00e9sor am\u00e9ricain a annonc\u00e9 ne pas \u00eatre en mesure de r\u00e9pondre en temps et en heure \u00e0 la requ\u00eate, trop complexe selon lui.<\/p>\n<p>M. Trump est le premier pr\u00e9sident am\u00e9ricain depuis Richard Nixon \u00e0 refuser de divulguer sa situation fiscale.<\/p>\n<p><ins data-revive-zoneid=\"9\" data-revive-id=\"10111e19d28d19d031742ee3b0b33eb0\"\/> <\/p>\n<p>Le secr\u00e9taire au Tr\u00e9sor, Steven Mnuchin, a r\u00e9p\u00e9t\u00e9 samedi que la demande des d\u00e9mocrates soulevait des questions \u00ab\u00a0complexes\u00a0\u00bb quant aux pr\u00e9rogatives du Congr\u00e8s en mati\u00e8re d\u2019investigation et de communication d\u2019informations personnelles d\u2019un citoyen am\u00e9ricain.<\/p>\n<p>Il avait pr\u00e9c\u00e9demment expliqu\u00e9 avoir sond\u00e9 le minist\u00e8re am\u00e9ricain de la Justice pour s\u2019assurer de la compatibilit\u00e9 de cette requ\u00eate \u00ab\u00a0avec la loi et la Constitution\u00a0\u00bb.<\/p>\n<p>\u00ab\u00a0J\u2019estime qu\u2019il est de ma responsabilit\u00e9 de faire les choses correctement\u00a0\u00bb, a d\u00e9clar\u00e9 samedi M. Mnuchin, \u00ab\u00a0et (de s\u2019assurer) que l\u2019IRS n\u2019est pas instrumentalis\u00e9 comme il l\u2019avait \u00e9t\u00e9 sous l\u2019administration Nixon.\u00a0\u00bb<\/p>\n<p>En 1973, sous la pression de plusieurs articles \u00e9voquant une possible \u00e9vasion fiscale, Richard Nixon avait accept\u00e9 de communiquer au Congr\u00e8s ses d\u00e9clarations de revenus.<\/p>\n<p>Apr\u00e8s plusieurs mois d\u2019examen, le Congr\u00e8s avait conclu que le pr\u00e9sident devait plus de 400.000 dollars d\u2019arri\u00e9r\u00e9s au fisc.<\/p>\n<p>Dans sa lettre, Richard Neal fait valoir que ni l\u2019IRS, ni le minist\u00e8re de la Justice, pas plus que le Tr\u00e9sor, ne peuvent remettre en cause la demande de la commission, qui s\u2019inscrit dans le cadre de l\u2019exercice parlementaire.<\/p>\n<p>Il cite, \u00e0 l\u2019appui de son argumentation, une abondante jurisprudence, issue notamment de la Cour supr\u00eame.<\/p>\n<\/div>\n<p>Auteur: AFP<br \/>\n<a href=\"https:\/\/www.journalducameroun.com\/fr\/declarations-dimpots-de-trump-ladministration-va-sefforcer-de-repondre-dans-les-delais\/\">Cliquez ici pour lire l&rsquo;article depuis sa source.<\/a><\/p>\n","protected":false},"excerpt":{"rendered":"<p>Publi\u00e9 le 13.04.2019 \u00e0 20h50 par AFP L\u2019administration Trump va s\u2019efforcer de r\u00e9pondre dans les d\u00e9lais impos\u00e9s par les d\u00e9mocrates pour qu\u2019elle produise les d\u00e9clarations d\u2019imp\u00f4ts de Donald Trump, a indiqu\u00e9 samedi le secr\u00e9taire am\u00e9ricain au Tr\u00e9sor sans toutefois s\u2019engager sur le fond en raison de contraintes l\u00e9gales. \u00ab\u00a0Je suis s\u00fbr que nous r\u00e9pondrons d\u2019ici [&hellip;]<\/p>\n","protected":false},"author":1965,"featured_media":0,"comment_status":"closed","ping_status":"closed","sticky":false,"template":"","format":"standard","meta":{"fifu_image_url":"","fifu_image_alt":"","footnotes":""},"categories":[73,82],"tags":[],"class_list":["post-27687","post","type-post","status-publish","format-standard","hentry","category-actualite","category-cameroun"],"_links":{"self":[{"href":"https:\/\/linitiative.ca\/International\/wp-json\/wp\/v2\/posts\/27687","targetHints":{"allow":["GET"]}}],"collection":[{"href":"https:\/\/linitiative.ca\/International\/wp-json\/wp\/v2\/posts"}],"about":[{"href":"https:\/\/linitiative.ca\/International\/wp-json\/wp\/v2\/types\/post"}],"author":[{"embeddable":true,"href":"https:\/\/linitiative.ca\/International\/wp-json\/wp\/v2\/users\/1965"}],"replies":[{"embeddable":true,"href":"https:\/\/linitiative.ca\/International\/wp-json\/wp\/v2\/comments?post=27687"}],"version-history":[{"count":0,"href":"https:\/\/linitiative.ca\/International\/wp-json\/wp\/v2\/posts\/27687\/revisions"}],"wp:attachment":[{"href":"https:\/\/linitiative.ca\/International\/wp-json\/wp\/v2\/media?parent=27687"}],"wp:term":[{"taxonomy":"category","embeddable":true,"href":"https:\/\/linitiative.ca\/International\/wp-json\/wp\/v2\/categories?post=27687"},{"taxonomy":"post_tag","embeddable":true,"href":"https:\/\/linitiative.ca\/International\/wp-json\/wp\/v2\/tags?post=27687"}],"curies":[{"name":"wp","href":"https:\/\/api.w.org\/{rel}","templated":true}]}}