{"id":27711,"date":"2019-04-14T07:22:33","date_gmt":"2019-04-14T11:22:33","guid":{"rendered":"https:\/\/linitiative.ca\/International\/universite-de-printemps-e5t-24-et-25-avril-2019-a-tunis\/"},"modified":"2019-04-14T07:22:33","modified_gmt":"2019-04-14T11:22:33","slug":"universite-de-printemps-e5t-24-et-25-avril-2019-a-tunis","status":"publish","type":"post","link":"https:\/\/linitiative.ca\/International\/universite-de-printemps-e5t-24-et-25-avril-2019-a-tunis\/","title":{"rendered":"Universit\u00e9 de printemps  E5T: 24 ET 25 AVRIL 2019  A TUNIS"},"content":{"rendered":"<p>Pour sa premi\u00e8re \u00e9dition en Tunisie l\u2019association E5T organise l\u2019Universit\u00e9 de Printemps #E5TUNIS en collaboration avec la prestigieuse \u00e9cole ESPRIT, et la soci\u00e9t\u00e9 tunisienne d\u2019\u00e9lectricit\u00e9 et de gaz Steg . Ces deux jours permettront aux 500 partcipants attendus d\u2019\u00e9changer et de dialoguer sur les perspectives de l\u2019avenir \u00e9nerg\u00e9tique les mercredi 24 et jeudi 25 avril 2019 au pole Technologique ALGHAZELLA.<\/p>\n<div>Les 70 speakers invit\u00e9s approfondiront les questions des mix \u00e9nerg\u00e9tiques possibles, \u00e0 travers l\u2019analyse des invariants et des innovations technologiques en Afrique.Personnalit\u00e9s repr\u00e9sentatives du d\u00e9bat sur la transition \u00e9nerg\u00e9tique, entrepreneurs, enseignants-chercheurs \u00e9lus, se succ\u00e9deront \u00e0 la tribune de l\u2019universit\u00e9 E5T pour conduire ces d\u00e9bats et pr\u00e9sentations afin d\u2019aider chacun \u00e0 mieux appr\u00e9hender ces probl\u00e9matiques.<\/p>\n<p>Un format innovantDans un souci d\u2019efficacit\u00e9 et pour r\u00e9pondre \u00e0 un objectif ambitieux, le format de E5T TUNIS se veut innovant. Les intervenants, disposeront d\u2019une dur\u00e9e de 10 minutes chacun. A ces stand-up s\u2019agr\u00e8gent quelques tables rondes pour permettre aux meilleurs sp\u00e9cialistes de d\u00e9battre sur quelques questions cl\u00e9s, en conservant n\u00e9anmoins un rythme suffisamment intensif pour conserver l\u2019attention des participantsLes troph\u00e9es de l\u2019innovation seront remis \u00e0 la soir\u00e9e gala le 24 avril \u00e0 partir de 19h30 .Ces prix ont vocation \u00e0 mettre lumi\u00e8re et \u00e0 encourager des projets, qui contribuent directement ou indirectement \u00e0 la transition \u00e9nerg\u00e9tique<\/p>\n<\/div>\n<p class=\"dpsp-share-text\">Partager c&rsquo;est aimer!<\/p>\n<div class=\"wp-post-author-wrap wp-post-author-shortcode left\">\n<h3 class=\"awpa-title\"\/>\n<div class=\"wp-post-author\">\n<div class=\"awpa-img awpa-author-block square\"><a href=\"http:\/\/lexpertjournal.net\/fr\/author\/expert\/\"><img loading=\"lazy\" decoding=\"async\" alt=\"\" src=\"http:\/\/2.gravatar.com\/avatar\/56d99be2a6f97af88ccb49fada637fcd?s=150&#038;d=mm&#038;r=g\" srcset=\"http:\/\/2.gravatar.com\/avatar\/56d99be2a6f97af88ccb49fada637fcd?s=300&#038;d=mm&#038;r=g 2x\" class=\"avatar avatar-150 photo\" height=\"150\" width=\"150\"\/><\/a><\/div>\n<\/div>\n<\/div>\n<p>Auteur: L&rsquo;expert<br \/>\n<a href=\"http:\/\/lexpertjournal.net\/fr\/2019\/04\/14\/universite-de-printemps-e5t-24-et-25-avril-2019-a-tunis\/\">Cliquez ici pour lire l&rsquo;article depuis sa source.<\/a><\/p>\n","protected":false},"excerpt":{"rendered":"<p>Pour sa premi\u00e8re \u00e9dition en Tunisie l\u2019association E5T organise l\u2019Universit\u00e9 de Printemps #E5TUNIS en collaboration avec la prestigieuse \u00e9cole ESPRIT, et la soci\u00e9t\u00e9 tunisienne d\u2019\u00e9lectricit\u00e9 et de gaz Steg . Ces deux jours permettront aux 500 partcipants attendus d\u2019\u00e9changer et de dialoguer sur les perspectives de l\u2019avenir \u00e9nerg\u00e9tique les mercredi 24 et jeudi 25 avril [&hellip;]<\/p>\n","protected":false},"author":1775,"featured_media":0,"comment_status":"closed","ping_status":"closed","sticky":false,"template":"","format":"standard","meta":{"fifu_image_url":"","fifu_image_alt":"","footnotes":""},"categories":[78,55],"tags":[],"class_list":["post-27711","post","type-post","status-publish","format-standard","hentry","category-economie","category-tunisie"],"_links":{"self":[{"href":"https:\/\/linitiative.ca\/International\/wp-json\/wp\/v2\/posts\/27711","targetHints":{"allow":["GET"]}}],"collection":[{"href":"https:\/\/linitiative.ca\/International\/wp-json\/wp\/v2\/posts"}],"about":[{"href":"https:\/\/linitiative.ca\/International\/wp-json\/wp\/v2\/types\/post"}],"author":[{"embeddable":true,"href":"https:\/\/linitiative.ca\/International\/wp-json\/wp\/v2\/users\/1775"}],"replies":[{"embeddable":true,"href":"https:\/\/linitiative.ca\/International\/wp-json\/wp\/v2\/comments?post=27711"}],"version-history":[{"count":0,"href":"https:\/\/linitiative.ca\/International\/wp-json\/wp\/v2\/posts\/27711\/revisions"}],"wp:attachment":[{"href":"https:\/\/linitiative.ca\/International\/wp-json\/wp\/v2\/media?parent=27711"}],"wp:term":[{"taxonomy":"category","embeddable":true,"href":"https:\/\/linitiative.ca\/International\/wp-json\/wp\/v2\/categories?post=27711"},{"taxonomy":"post_tag","embeddable":true,"href":"https:\/\/linitiative.ca\/International\/wp-json\/wp\/v2\/tags?post=27711"}],"curies":[{"name":"wp","href":"https:\/\/api.w.org\/{rel}","templated":true}]}}