{"id":27723,"date":"2019-04-13T16:45:00","date_gmt":"2019-04-13T20:45:00","guid":{"rendered":"https:\/\/linitiative.ca\/International\/tour-cycliste-maroc-2019-9eme-etape-le-marocain-galdoune-2eme-derriere-le-francais-clement\/"},"modified":"2019-04-13T16:45:00","modified_gmt":"2019-04-13T20:45:00","slug":"tour-cycliste-maroc-2019-9eme-etape-le-marocain-galdoune-2eme-derriere-le-francais-clement","status":"publish","type":"post","link":"https:\/\/linitiative.ca\/International\/tour-cycliste-maroc-2019-9eme-etape-le-marocain-galdoune-2eme-derriere-le-francais-clement\/","title":{"rendered":"Tour cycliste Maroc-2019 (9\u00e8me \u00e9tape): le Marocain Galdoune 2\u00e8me derri\u00e8re le Fran\u00e7ais Clement"},"content":{"rendered":"<div class=\"single-featured\"><img alt=\"\" data-src=\"http:\/\/www.mapmarrakech.ma\/map\/uploads\/2019\/04\/ahmedgaldounecycliste-copier.jpg\"\/><\/div>\n<div class=\"single-post-excerpt post-excerpt-bc\" readability=\"36\">\n<p>Marrakech \u2013 Le Marocain Mohamed Amine Galdoune a \u00e9t\u00e9 class\u00e9 deuxi\u00e8me derri\u00e8re le Fran\u00e7ais Orceau Clement \u00e0 la 9\u00e8me \u00e9tape du Tour international cycliste du Maroc, reliant samedi B\u00e9ni Mellal et Marrakech sur une distance de 188,5 km.<\/p>\n<\/div>\n<div class=\"entry-content clearfix single-post-content\" readability=\"36\">\n<p>Clement a occup\u00e9 la premi\u00e8re place de cette \u00e9tape, la plus longue du Tour cycliste du Maroc, avec un chrono de 3h57m38s, d\u00e9passant au sprint Gladoune et l\u2019Alg\u00e9rien Saidi Nassim.<\/p>\n<\/div>\n<p>Auteur: Meriem IGASS<br \/>\n<a href=\"http:\/\/www.mapmarrakech.ma\/fr\/tour-international-cycliste-du-maroc-2019-le-marocain-ahmed-galdoune-2eme-a-la-9eme-etape-derriere-le-francais-orceau-clement\/\">Cliquez ici pour lire l&rsquo;article depuis sa source.<\/a><\/p>\n","protected":false},"excerpt":{"rendered":"<p>Marrakech \u2013 Le Marocain Mohamed Amine Galdoune a \u00e9t\u00e9 class\u00e9 deuxi\u00e8me derri\u00e8re le Fran\u00e7ais Orceau Clement \u00e0 la 9\u00e8me \u00e9tape du Tour international cycliste du Maroc, reliant samedi B\u00e9ni Mellal et Marrakech sur une distance de 188,5 km. Clement a occup\u00e9 la premi\u00e8re place de cette \u00e9tape, la plus longue du Tour cycliste du Maroc, [&hellip;]<\/p>\n","protected":false},"author":1788,"featured_media":27724,"comment_status":"closed","ping_status":"closed","sticky":false,"template":"","format":"standard","meta":{"fifu_image_url":"","fifu_image_alt":"","footnotes":""},"categories":[54,76],"tags":[],"class_list":["post-27723","post","type-post","status-publish","format-standard","has-post-thumbnail","hentry","category-maroc","category-regions"],"_links":{"self":[{"href":"https:\/\/linitiative.ca\/International\/wp-json\/wp\/v2\/posts\/27723","targetHints":{"allow":["GET"]}}],"collection":[{"href":"https:\/\/linitiative.ca\/International\/wp-json\/wp\/v2\/posts"}],"about":[{"href":"https:\/\/linitiative.ca\/International\/wp-json\/wp\/v2\/types\/post"}],"author":[{"embeddable":true,"href":"https:\/\/linitiative.ca\/International\/wp-json\/wp\/v2\/users\/1788"}],"replies":[{"embeddable":true,"href":"https:\/\/linitiative.ca\/International\/wp-json\/wp\/v2\/comments?post=27723"}],"version-history":[{"count":0,"href":"https:\/\/linitiative.ca\/International\/wp-json\/wp\/v2\/posts\/27723\/revisions"}],"wp:featuredmedia":[{"embeddable":true,"href":"https:\/\/linitiative.ca\/International\/wp-json\/"}],"wp:attachment":[{"href":"https:\/\/linitiative.ca\/International\/wp-json\/wp\/v2\/media?parent=27723"}],"wp:term":[{"taxonomy":"category","embeddable":true,"href":"https:\/\/linitiative.ca\/International\/wp-json\/wp\/v2\/categories?post=27723"},{"taxonomy":"post_tag","embeddable":true,"href":"https:\/\/linitiative.ca\/International\/wp-json\/wp\/v2\/tags?post=27723"}],"curies":[{"name":"wp","href":"https:\/\/api.w.org\/{rel}","templated":true}]}}