{"id":27738,"date":"2019-04-14T15:14:06","date_gmt":"2019-04-14T19:14:06","guid":{"rendered":"https:\/\/linitiative.ca\/International\/international-lavis-de-zidane-sur-la-reforme-de-la-ligue-des-champions\/"},"modified":"2019-04-14T15:14:06","modified_gmt":"2019-04-14T19:14:06","slug":"international-lavis-de-zidane-sur-la-reforme-de-la-ligue-des-champions","status":"publish","type":"post","link":"https:\/\/linitiative.ca\/International\/international-lavis-de-zidane-sur-la-reforme-de-la-ligue-des-champions\/","title":{"rendered":"International : L&rsquo;avis de Zidane sur la r\u00e9forme de la Ligue des Champions"},"content":{"rendered":"<div readability=\"32\">\n<p>Auteur : <span class=\"time\">dimanche 14 avril 2019 12:42<\/span><\/p>\n<\/div>\n<div id=\"post_core\" readability=\"61\">\n<p>Pr\u00e9sent en conf\u00e9rence de presse ce dimanche, l&rsquo;entra\u00eeneur du Real Madrid Zin\u00e9dine Zidane s&rsquo;est montr\u00e9 dimanche r\u00e9serv\u00e9 sur l&rsquo;actuel projet de r\u00e9forme de la Ligue des champions, qui en ferait en pratique un club ferm\u00e9 en 2024, estimant \u00ab\u00a0magnifique\u00a0\u00bb que des petits clubs puissent aussi conna\u00eetre les frissons de l&rsquo;\u00e9preuve-reine europ\u00e9enne :<\/p>\n<p>\u00ab\u00a0Je ne sais pas ce qui va se passer, avant toute chose. Beaucoup de choses se disent, a d\u00e9clar\u00e9 Zidane. Pour ceux qui sont (petits), c&rsquo;est certainement beaucoup plus compliqu\u00e9 de pouvoir jouer la Ligue des champions. Je trouve l&rsquo;id\u00e9e sympa quand ils la jouent, j&rsquo;ai toujours pens\u00e9 \u00e7a. Vivre un moment comme celui-l\u00e0, pour ceux qui ne la jouent pas r\u00e9guli\u00e8rement, ou qui la jouent une fois dans une vie, c&rsquo;est magnifique. \u00c7a, c&rsquo;est mon c\u00f4t\u00e9 personnel\u00a0\u00bb.<\/p>\n<p>Selon diff\u00e9rents m\u00e9dias, le projet de l&rsquo;UEFA et de l&rsquo;Association europ\u00e9enne des clubs (ECA) se rapprocherait d&rsquo;une ligue ferm\u00e9e \u00e0 compter de la saison 2024, les six premiers de chaque poule de huit \u00e9tant directement qualifi\u00e9s pour l&rsquo;\u00e9dition suivante, ind\u00e9pendamment de leur classement en championnat. Ce qui en pratique favoriserait les g\u00e9ants continentaux, comme le Real Madrid, d\u00e9tenteur du record de victoires dans l&rsquo;\u00e9preuve (13 titres).<\/p>\n<p><strong>Publi\u00e9 dans :<\/strong> <span>Zidane<\/span><\/p>\n<\/div>\n<p>Auteur:<br \/>\n<a href=\"http:\/\/www.lebuteur.com\/article\/detail?titre=lavis-de-zidane-sur-la-reforme-de-la-ligue-des-champions&#038;id=87991&#038;utm_source=feedburner&#038;utm_medium=feed&#038;utm_campaign=Feed%3A+GalerieFArtciles+%28Les+derniers+articles++-+lebuteur.com%29\">Cliquez ici pour lire l&rsquo;article depuis sa source.<\/a><\/p>\n","protected":false},"excerpt":{"rendered":"<p>Auteur : dimanche 14 avril 2019 12:42 Pr\u00e9sent en conf\u00e9rence de presse ce dimanche, l&rsquo;entra\u00eeneur du Real Madrid Zin\u00e9dine Zidane s&rsquo;est montr\u00e9 dimanche r\u00e9serv\u00e9 sur l&rsquo;actuel projet de r\u00e9forme de la Ligue des champions, qui en ferait en pratique un club ferm\u00e9 en 2024, estimant \u00ab\u00a0magnifique\u00a0\u00bb que des petits clubs puissent aussi conna\u00eetre les frissons [&hellip;]<\/p>\n","protected":false},"author":1738,"featured_media":27739,"comment_status":"closed","ping_status":"closed","sticky":false,"template":"","format":"standard","meta":{"fifu_image_url":"","fifu_image_alt":"","footnotes":""},"categories":[53,75],"tags":[],"class_list":["post-27738","post","type-post","status-publish","format-standard","has-post-thumbnail","hentry","category-algerie","category-sport"],"_links":{"self":[{"href":"https:\/\/linitiative.ca\/International\/wp-json\/wp\/v2\/posts\/27738","targetHints":{"allow":["GET"]}}],"collection":[{"href":"https:\/\/linitiative.ca\/International\/wp-json\/wp\/v2\/posts"}],"about":[{"href":"https:\/\/linitiative.ca\/International\/wp-json\/wp\/v2\/types\/post"}],"author":[{"embeddable":true,"href":"https:\/\/linitiative.ca\/International\/wp-json\/wp\/v2\/users\/1738"}],"replies":[{"embeddable":true,"href":"https:\/\/linitiative.ca\/International\/wp-json\/wp\/v2\/comments?post=27738"}],"version-history":[{"count":0,"href":"https:\/\/linitiative.ca\/International\/wp-json\/wp\/v2\/posts\/27738\/revisions"}],"wp:featuredmedia":[{"embeddable":true,"href":"https:\/\/linitiative.ca\/International\/wp-json\/"}],"wp:attachment":[{"href":"https:\/\/linitiative.ca\/International\/wp-json\/wp\/v2\/media?parent=27738"}],"wp:term":[{"taxonomy":"category","embeddable":true,"href":"https:\/\/linitiative.ca\/International\/wp-json\/wp\/v2\/categories?post=27738"},{"taxonomy":"post_tag","embeddable":true,"href":"https:\/\/linitiative.ca\/International\/wp-json\/wp\/v2\/tags?post=27738"}],"curies":[{"name":"wp","href":"https:\/\/api.w.org\/{rel}","templated":true}]}}