{"id":27742,"date":"2019-04-14T15:14:08","date_gmt":"2019-04-14T19:14:08","guid":{"rendered":"https:\/\/linitiative.ca\/International\/international-rb-leipzig-timo-werner-sur-le-depart\/"},"modified":"2019-04-14T15:14:08","modified_gmt":"2019-04-14T19:14:08","slug":"international-rb-leipzig-timo-werner-sur-le-depart","status":"publish","type":"post","link":"https:\/\/linitiative.ca\/International\/international-rb-leipzig-timo-werner-sur-le-depart\/","title":{"rendered":"International : RB Leipzig : Timo Werner sur le d\u00e9part"},"content":{"rendered":"<div readability=\"32\">\n<p>Auteur : <span class=\"time\">dimanche 14 avril 2019 14:30<\/span><\/p>\n<\/div>\n<div id=\"post_core\" readability=\"43\">\n<p>Le FC Barcelone et le Bayern Munich sont notamment li\u00e9s au jeune attaquant allemand de 23 ans. Actuellement sous contrat jusqu\u2019en 2020, il pourrait se diriger vers un d\u00e9part cet \u00e9t\u00e9.<\/p>\n<p>Interrog\u00e9 par la Sky \u00e0 la mi-temps du match entre le RB Leipzig et le VfL Wolfsbourg (2-0 score final), le directeur g\u00e9n\u00e9ral du club est-allemand Oliver Mintzlaff a fait part des intentions de son joueur\u00a0: \u00ab\u00a0nous voulons le prolonger, mais il a indiqu\u00e9 qu\u2019il pr\u00e9f\u00e9rait ne pas prolonger.\u00a0\u00bb Source : Footmercato.net.<\/p>\n<p><strong>Publi\u00e9 dans :<\/strong> <span>RB Leipzig<\/span> <span>Timo Werner<\/span><\/p>\n<\/div>\n<p>Auteur:<br \/>\n<a href=\"http:\/\/www.lebuteur.com\/article\/detail?titre=rb-leipzig-timo-werner-sur-le-depart&#038;id=87993&#038;utm_source=feedburner&#038;utm_medium=feed&#038;utm_campaign=Feed%3A+GalerieFArtciles+%28Les+derniers+articles++-+lebuteur.com%29\">Cliquez ici pour lire l&rsquo;article depuis sa source.<\/a><\/p>\n","protected":false},"excerpt":{"rendered":"<p>Auteur : dimanche 14 avril 2019 14:30 Le FC Barcelone et le Bayern Munich sont notamment li\u00e9s au jeune attaquant allemand de 23 ans. Actuellement sous contrat jusqu\u2019en 2020, il pourrait se diriger vers un d\u00e9part cet \u00e9t\u00e9. Interrog\u00e9 par la Sky \u00e0 la mi-temps du match entre le RB Leipzig et le VfL Wolfsbourg [&hellip;]<\/p>\n","protected":false},"author":1738,"featured_media":27743,"comment_status":"closed","ping_status":"closed","sticky":false,"template":"","format":"standard","meta":{"fifu_image_url":"","fifu_image_alt":"","footnotes":""},"categories":[53,75],"tags":[],"class_list":["post-27742","post","type-post","status-publish","format-standard","has-post-thumbnail","hentry","category-algerie","category-sport"],"_links":{"self":[{"href":"https:\/\/linitiative.ca\/International\/wp-json\/wp\/v2\/posts\/27742","targetHints":{"allow":["GET"]}}],"collection":[{"href":"https:\/\/linitiative.ca\/International\/wp-json\/wp\/v2\/posts"}],"about":[{"href":"https:\/\/linitiative.ca\/International\/wp-json\/wp\/v2\/types\/post"}],"author":[{"embeddable":true,"href":"https:\/\/linitiative.ca\/International\/wp-json\/wp\/v2\/users\/1738"}],"replies":[{"embeddable":true,"href":"https:\/\/linitiative.ca\/International\/wp-json\/wp\/v2\/comments?post=27742"}],"version-history":[{"count":0,"href":"https:\/\/linitiative.ca\/International\/wp-json\/wp\/v2\/posts\/27742\/revisions"}],"wp:featuredmedia":[{"embeddable":true,"href":"https:\/\/linitiative.ca\/International\/wp-json\/"}],"wp:attachment":[{"href":"https:\/\/linitiative.ca\/International\/wp-json\/wp\/v2\/media?parent=27742"}],"wp:term":[{"taxonomy":"category","embeddable":true,"href":"https:\/\/linitiative.ca\/International\/wp-json\/wp\/v2\/categories?post=27742"},{"taxonomy":"post_tag","embeddable":true,"href":"https:\/\/linitiative.ca\/International\/wp-json\/wp\/v2\/tags?post=27742"}],"curies":[{"name":"wp","href":"https:\/\/api.w.org\/{rel}","templated":true}]}}