{"id":27744,"date":"2019-04-14T15:14:09","date_gmt":"2019-04-14T19:14:09","guid":{"rendered":"https:\/\/linitiative.ca\/International\/international-milan-chambreur-bakayoko-fait-polemique\/"},"modified":"2019-04-14T15:14:09","modified_gmt":"2019-04-14T19:14:09","slug":"international-milan-chambreur-bakayoko-fait-polemique","status":"publish","type":"post","link":"https:\/\/linitiative.ca\/International\/international-milan-chambreur-bakayoko-fait-polemique\/","title":{"rendered":"International : Milan : Chambreur, Bakayoko fait pol\u00e9mique"},"content":{"rendered":"<div readability=\"32\">\n<p>Auteur : <span class=\"time\">dimanche 14 avril 2019 15:15<\/span><\/p>\n<\/div>\n<div id=\"post_core\" readability=\"42\">\n<p>Mais ce geste n&rsquo;a pas \u00e9t\u00e9 appr\u00e9ci\u00e9 par l&rsquo;international italien&#8230;<\/p>\n<p>\u00ab\u00a0Attiser la haine n&rsquo;est pas du sport mais un signe de faiblesse\u00a0\u00bb, a lanc\u00e9 Acerbi. Face \u00e0 la pol\u00e9mique suscit\u00e9e, Bakayoko a rapidement r\u00e9agi sur le r\u00e9seau social Twitter pour pr\u00e9senter ses excuses. \u00ab\u00a0Il s&rsquo;agissait d&rsquo;une plaisanterie. Je ne voulais manquer de respect \u00e0 personne. Je m&rsquo;excuse aupr\u00e8s de Francesco Acerbi s&rsquo;il s&rsquo;est senti offens\u00e9\u00a0\u00bb, a assur\u00e9 l&rsquo;ancien Mon\u00e9gasque. Source : Maxifoot.fr.<\/p>\n<p><strong>Publi\u00e9 dans :<\/strong> <span>Milan AC<\/span> <span>Bakayoko<\/span><\/p>\n<\/div>\n<p>Auteur:<br \/>\n<a href=\"http:\/\/www.lebuteur.com\/article\/detail?titre=milan-chambreur-bakayoko-fait-polemique&#038;id=87994&#038;utm_source=feedburner&#038;utm_medium=feed&#038;utm_campaign=Feed%3A+GalerieFArtciles+%28Les+derniers+articles++-+lebuteur.com%29\">Cliquez ici pour lire l&rsquo;article depuis sa source.<\/a><\/p>\n","protected":false},"excerpt":{"rendered":"<p>Auteur : dimanche 14 avril 2019 15:15 Mais ce geste n&rsquo;a pas \u00e9t\u00e9 appr\u00e9ci\u00e9 par l&rsquo;international italien&#8230; \u00ab\u00a0Attiser la haine n&rsquo;est pas du sport mais un signe de faiblesse\u00a0\u00bb, a lanc\u00e9 Acerbi. Face \u00e0 la pol\u00e9mique suscit\u00e9e, Bakayoko a rapidement r\u00e9agi sur le r\u00e9seau social Twitter pour pr\u00e9senter ses excuses. \u00ab\u00a0Il s&rsquo;agissait d&rsquo;une plaisanterie. Je [&hellip;]<\/p>\n","protected":false},"author":1738,"featured_media":27745,"comment_status":"closed","ping_status":"closed","sticky":false,"template":"","format":"standard","meta":{"fifu_image_url":"","fifu_image_alt":"","footnotes":""},"categories":[53,75],"tags":[],"class_list":["post-27744","post","type-post","status-publish","format-standard","has-post-thumbnail","hentry","category-algerie","category-sport"],"_links":{"self":[{"href":"https:\/\/linitiative.ca\/International\/wp-json\/wp\/v2\/posts\/27744","targetHints":{"allow":["GET"]}}],"collection":[{"href":"https:\/\/linitiative.ca\/International\/wp-json\/wp\/v2\/posts"}],"about":[{"href":"https:\/\/linitiative.ca\/International\/wp-json\/wp\/v2\/types\/post"}],"author":[{"embeddable":true,"href":"https:\/\/linitiative.ca\/International\/wp-json\/wp\/v2\/users\/1738"}],"replies":[{"embeddable":true,"href":"https:\/\/linitiative.ca\/International\/wp-json\/wp\/v2\/comments?post=27744"}],"version-history":[{"count":0,"href":"https:\/\/linitiative.ca\/International\/wp-json\/wp\/v2\/posts\/27744\/revisions"}],"wp:featuredmedia":[{"embeddable":true,"href":"https:\/\/linitiative.ca\/International\/wp-json\/"}],"wp:attachment":[{"href":"https:\/\/linitiative.ca\/International\/wp-json\/wp\/v2\/media?parent=27744"}],"wp:term":[{"taxonomy":"category","embeddable":true,"href":"https:\/\/linitiative.ca\/International\/wp-json\/wp\/v2\/categories?post=27744"},{"taxonomy":"post_tag","embeddable":true,"href":"https:\/\/linitiative.ca\/International\/wp-json\/wp\/v2\/tags?post=27744"}],"curies":[{"name":"wp","href":"https:\/\/api.w.org\/{rel}","templated":true}]}}