{"id":27748,"date":"2019-04-14T15:14:12","date_gmt":"2019-04-14T19:14:12","guid":{"rendered":"https:\/\/linitiative.ca\/International\/pros-atal-a-joue-onze-minutes-face-a-rennes\/"},"modified":"2019-04-14T15:14:12","modified_gmt":"2019-04-14T19:14:12","slug":"pros-atal-a-joue-onze-minutes-face-a-rennes","status":"publish","type":"post","link":"https:\/\/linitiative.ca\/International\/pros-atal-a-joue-onze-minutes-face-a-rennes\/","title":{"rendered":"Pros : Atal a jou\u00e9 onze minutes face \u00e0 Rennes"},"content":{"rendered":"<div readability=\"32\">\n<p>Auteur : <span>Riad O.<\/span> <span class=\"time\">dimanche 14 avril 2019 16:21<\/span><\/p>\n<\/div>\n<div id=\"post_core\" readability=\"37\">\n<p>Apr\u00e8s s\u2019\u00eatre remis de sa blessure, Youcef Atal a fait aujourd\u2019hui son retour sur les terrains. Ayant d\u00e9but\u00e9 le match face au Stade Rennais sur le banc des rempla\u00e7ants, le d\u00e9fenseur Alg\u00e9rien de l\u2019OGC Nice a fait son entr\u00e9e en jeu\u00a0 \u00e0 la 79\u2019 \u00e0 la place de Srarfi. Les deux joueurs Alg\u00e9riens de Rennes en l\u2019occurrence Zeffane et Bensebaini n\u2019ont pas particip\u00e9 \u00e0 ce match en raison de blessure. Rappelons que ce match entre Rennes et l\u2019OGC s\u2019et sold\u00e9 sur le score de parit\u00e9 de z\u00e9ro partout.<\/p>\n<p><strong>Publi\u00e9 dans :<\/strong> <span>Atal<\/span><\/p>\n<\/div>\n<p>Auteur:<br \/>\n<a href=\"http:\/\/www.lebuteur.com\/article\/detail?titre=atal-a-joue-onze-minutes-face-a-rennes&#038;id=87997&#038;utm_source=feedburner&#038;utm_medium=feed&#038;utm_campaign=Feed%3A+GalerieFArtciles+%28Les+derniers+articles++-+lebuteur.com%29\">Cliquez ici pour lire l&rsquo;article depuis sa source.<\/a><\/p>\n","protected":false},"excerpt":{"rendered":"<p>Auteur : Riad O. dimanche 14 avril 2019 16:21 Apr\u00e8s s\u2019\u00eatre remis de sa blessure, Youcef Atal a fait aujourd\u2019hui son retour sur les terrains. Ayant d\u00e9but\u00e9 le match face au Stade Rennais sur le banc des rempla\u00e7ants, le d\u00e9fenseur Alg\u00e9rien de l\u2019OGC Nice a fait son entr\u00e9e en jeu\u00a0 \u00e0 la 79\u2019 \u00e0 la [&hellip;]<\/p>\n","protected":false},"author":1738,"featured_media":27749,"comment_status":"closed","ping_status":"closed","sticky":false,"template":"","format":"standard","meta":{"fifu_image_url":"","fifu_image_alt":"","footnotes":""},"categories":[53,75],"tags":[],"class_list":["post-27748","post","type-post","status-publish","format-standard","has-post-thumbnail","hentry","category-algerie","category-sport"],"_links":{"self":[{"href":"https:\/\/linitiative.ca\/International\/wp-json\/wp\/v2\/posts\/27748","targetHints":{"allow":["GET"]}}],"collection":[{"href":"https:\/\/linitiative.ca\/International\/wp-json\/wp\/v2\/posts"}],"about":[{"href":"https:\/\/linitiative.ca\/International\/wp-json\/wp\/v2\/types\/post"}],"author":[{"embeddable":true,"href":"https:\/\/linitiative.ca\/International\/wp-json\/wp\/v2\/users\/1738"}],"replies":[{"embeddable":true,"href":"https:\/\/linitiative.ca\/International\/wp-json\/wp\/v2\/comments?post=27748"}],"version-history":[{"count":0,"href":"https:\/\/linitiative.ca\/International\/wp-json\/wp\/v2\/posts\/27748\/revisions"}],"wp:featuredmedia":[{"embeddable":true,"href":"https:\/\/linitiative.ca\/International\/wp-json\/"}],"wp:attachment":[{"href":"https:\/\/linitiative.ca\/International\/wp-json\/wp\/v2\/media?parent=27748"}],"wp:term":[{"taxonomy":"category","embeddable":true,"href":"https:\/\/linitiative.ca\/International\/wp-json\/wp\/v2\/categories?post=27748"},{"taxonomy":"post_tag","embeddable":true,"href":"https:\/\/linitiative.ca\/International\/wp-json\/wp\/v2\/tags?post=27748"}],"curies":[{"name":"wp","href":"https:\/\/api.w.org\/{rel}","templated":true}]}}