{"id":27755,"date":"2019-04-13T19:00:00","date_gmt":"2019-04-13T23:00:00","guid":{"rendered":"https:\/\/linitiative.ca\/International\/transition-une-longue-periode-ne-sert-pas-leconomie\/"},"modified":"2019-04-13T19:00:00","modified_gmt":"2019-04-13T23:00:00","slug":"transition-une-longue-periode-ne-sert-pas-leconomie","status":"publish","type":"post","link":"https:\/\/linitiative.ca\/International\/transition-une-longue-periode-ne-sert-pas-leconomie\/","title":{"rendered":"Transition  :  Une longue p\u00e9riode ne sert pas l\u2019\u00e9conomie"},"content":{"rendered":"<p>Les entreprises alg\u00e9riennes sont appel\u00e9es, lors de \u00abla phase de transition d\u00e9mocratique que traverse le pays\u00bb, \u00e0 \u00abdevenir une force de proposition qui contribue \u00e0 faire sortir le pays d\u2019une \u00e9conomie renti\u00e8re \u00e0 une \u00e9conomie g\u00e9n\u00e9ratrice de richesse\u00bb, a soutenu, hier \u00e0 Annaba, l\u2019expert en \u00e9conomie, Ferhat A\u00eft Ali.<br \/>Dans sa conf\u00e9rence intitul\u00e9e \u00abLes d\u00e9fis de l\u2019entreprise, lors d\u2019une phase de transition d\u00e9mocratique\u00bb, pr\u00e9sent\u00e9e \u00e0 la rencontre initi\u00e9e par l\u2019Association de d\u00e9veloppement et promotion de l\u2019entreprise \u00e0 Annaba, A\u00eft Ali a estim\u00e9 que \u00abla p\u00e9riode de transition d\u00e9mocratique que traverse le pays place les entreprises face \u00e0 leur responsabilit\u00e9 de se structurer au sein d\u2019organisations professionnelles fortes capables de corriger l\u2019orientation et d\u2019imposer le principe de l\u2019efficacit\u00e9 \u00e9conomique\u00bb. Pour le conf\u00e9rencier, qui a \u00e9voqu\u00e9 l\u2019\u00e9tat des lieux de l\u2019\u00e9conomie alg\u00e9rienne et \u00ables indices n\u00e9gatifs\u00bb qui s\u2019en d\u00e9gagent, \u00abune longue p\u00e9riode de transition ne sert pas l\u2019avenir de l\u2019\u00e9conomie nationale qui a besoin d\u2019institutions l\u00e9gitimes et stables pour d\u00e9velopper les investissements et dynamiser la croissance\u00bb.<br \/>Il a \u00e9galement mis en garde contre la n\u00e9gligence de l\u2019aspect \u00e9conomique dans l\u2019\u00e9quation de transition d\u00e9mocratique, dont \u00abla p\u00e9riode de deux ans pr\u00e9conis\u00e9e par certains ici et l\u00e0 sera catastrophique pour l\u2019\u00e9conomie du pays\u00bb. \u00abLes r\u00e9serves de changes, qui se sont effrit\u00e9es de 200 milliards \u00e0 73 milliards dollars actuellement, peuvent \u00eatre exploit\u00e9es vers une transition rapide et une stabilit\u00e9 des institutions d\u00e8s l\u2019\u00e9t\u00e9 prochain, pour construire une \u00e9conomie productrice de richesse\u00bb, a-t-il ajout\u00e9. La rencontre, tenue en pr\u00e9sence de cadres et d\u2019op\u00e9rateurs \u00e9conomiques des divers secteurs, a abord\u00e9 diverses questions li\u00e9es aux m\u00e9canismes pour b\u00e2tir une \u00e9conomie efficace g\u00e9n\u00e9ratrice de ressources.<\/p>\n<p>Auteur: elmoudjahid<br \/>\n<a href=\"http:\/\/www.elmoudjahid.com\/fr\/actualites\/135798\">Cliquez ici pour lire l&rsquo;article depuis sa source.<\/a><\/p>\n","protected":false},"excerpt":{"rendered":"<p>Les entreprises alg\u00e9riennes sont appel\u00e9es, lors de \u00abla phase de transition d\u00e9mocratique que traverse le pays\u00bb, \u00e0 \u00abdevenir une force de proposition qui contribue \u00e0 faire sortir le pays d\u2019une \u00e9conomie renti\u00e8re \u00e0 une \u00e9conomie g\u00e9n\u00e9ratrice de richesse\u00bb, a soutenu, hier \u00e0 Annaba, l\u2019expert en \u00e9conomie, Ferhat A\u00eft Ali.Dans sa conf\u00e9rence intitul\u00e9e \u00abLes d\u00e9fis de [&hellip;]<\/p>\n","protected":false},"author":1744,"featured_media":0,"comment_status":"closed","ping_status":"closed","sticky":false,"template":"","format":"standard","meta":{"fifu_image_url":"","fifu_image_alt":"","footnotes":""},"categories":[73,53],"tags":[],"class_list":["post-27755","post","type-post","status-publish","format-standard","hentry","category-actualite","category-algerie"],"_links":{"self":[{"href":"https:\/\/linitiative.ca\/International\/wp-json\/wp\/v2\/posts\/27755","targetHints":{"allow":["GET"]}}],"collection":[{"href":"https:\/\/linitiative.ca\/International\/wp-json\/wp\/v2\/posts"}],"about":[{"href":"https:\/\/linitiative.ca\/International\/wp-json\/wp\/v2\/types\/post"}],"author":[{"embeddable":true,"href":"https:\/\/linitiative.ca\/International\/wp-json\/wp\/v2\/users\/1744"}],"replies":[{"embeddable":true,"href":"https:\/\/linitiative.ca\/International\/wp-json\/wp\/v2\/comments?post=27755"}],"version-history":[{"count":0,"href":"https:\/\/linitiative.ca\/International\/wp-json\/wp\/v2\/posts\/27755\/revisions"}],"wp:attachment":[{"href":"https:\/\/linitiative.ca\/International\/wp-json\/wp\/v2\/media?parent=27755"}],"wp:term":[{"taxonomy":"category","embeddable":true,"href":"https:\/\/linitiative.ca\/International\/wp-json\/wp\/v2\/categories?post=27755"},{"taxonomy":"post_tag","embeddable":true,"href":"https:\/\/linitiative.ca\/International\/wp-json\/wp\/v2\/tags?post=27755"}],"curies":[{"name":"wp","href":"https:\/\/api.w.org\/{rel}","templated":true}]}}