{"id":27756,"date":"2019-04-13T19:00:00","date_gmt":"2019-04-13T23:00:00","guid":{"rendered":"https:\/\/linitiative.ca\/International\/manifestations-a-alger-le-dgsn-au-chevet-des-policiers-blesses\/"},"modified":"2019-04-13T19:00:00","modified_gmt":"2019-04-13T23:00:00","slug":"manifestations-a-alger-le-dgsn-au-chevet-des-policiers-blesses","status":"publish","type":"post","link":"https:\/\/linitiative.ca\/International\/manifestations-a-alger-le-dgsn-au-chevet-des-policiers-blesses\/","title":{"rendered":"Manifestations \u00e0 Alger : Le DGSN au chevet des policiers bless\u00e9s"},"content":{"rendered":"<p>Le Directeur g\u00e9n\u00e9ral de la S\u00fbret\u00e9 nationale (DGSN), Abdelkader Kara Bouhadba, accompagn\u00e9 du wali d&rsquo;Alger, Abdelkader Zoukh, s&rsquo;est rendu, vendredi soir, \u00e0 l&rsquo;H\u00f4pital central de la S\u00fbret\u00e9 nationale (Les Glycines), pour s&rsquo;enqu\u00e9rir de l&rsquo;\u00e9tat de sant\u00e9 des \u00e9l\u00e9ments de la police bless\u00e9s, lors des \u00abviolences et des destructions\u00bb qu&rsquo;a connues la capitale Alger, au niveau du boulevard Mohammed-V et la rue Didouche-Mourad, indique un communiqu\u00e9 de la DGSN.\u00a0 Un nouveau bilan a fait \u00e9tat de 83 policiers bless\u00e9s et de 180 individus interpell\u00e9s.<br \/>La DGSN avait indiqu\u00e9, dans un communiqu\u00e9 pr\u00e9c\u00e9dent, que 27 policiers avaient \u00e9t\u00e9 bless\u00e9s, dont 4 se trouvent dans un \u00e9tat grave, suite \u00e0 des agressions perp\u00e9tr\u00e9es par des d\u00e9linquants, ajoutant que 108 individus ont \u00e9t\u00e9 interpell\u00e9s. La m\u00eame source a rappel\u00e9 que les \u00e9l\u00e9ments de police bless\u00e9s ont \u00e9t\u00e9 \u00abvictimes de jets de pierres et d&rsquo;objets tranchants par des d\u00e9linquants au niveau du boulevard Mohammed-V et Alger-Centre\u00bb, ajoutant que \u00abplusieurs v\u00e9hicules de la DGSN ont \u00e9t\u00e9 saccag\u00e9s\u00bb. \u00abLes services de police, qui d\u00e9tiennent des images et des vid\u00e9os, poursuivent leur enqu\u00eate afin d&rsquo;identifier les autres personnes impliqu\u00e9es dans ces actes et les pr\u00e9senter aux autorit\u00e9s judiciaires\u00bb, est-il soulign\u00e9.<\/p>\n<p><strong>Pas d\u2019utilisation du gaz lacrymog\u00e8ne au tunnel de la Facult\u00e9<\/strong><\/p>\n<p>La DGSN a \u00abcat\u00e9goriquement d\u00e9menti\u00bb, vendredi, les informations relay\u00e9es par certains m\u00e9dias, citant la Ligue alg\u00e9rienne pour la d\u00e9fense des droits de l&rsquo;homme (LADDH), au sujet du recours des \u00e9l\u00e9ments de la s\u00fbret\u00e9 au gaz lacrymog\u00e8ne au niveau du tunnel de la Facult\u00e9 \u00e0 Alger. La DGSN a affirm\u00e9, dans un communiqu\u00e9 parvenu \u00e0 l&rsquo;APS, que la \u00abformation et le professionnalisme des \u00e9l\u00e9ments de la s\u00fbret\u00e9 leur permet d&rsquo;avoir un contr\u00f4le parfait des moyens l\u00e9gaux de maintien de l&rsquo;ordre\u00bb, ajoutant que les \u00e9l\u00e9ments de la s\u00fbret\u00e9 n&rsquo;ont, ni par la pass\u00e9 ni \u00e0 l&rsquo;avenir, eu recours \u00e0 l&rsquo;utilisation du gaz lacrymog\u00e8ne dans de pareils espaces confin\u00e9s. \u00abLes forces de la police ont fait barrage \u00e0 un groupe de manifestants ayant subitement adopt\u00e9 un comportement agressif au niveau du tunnel de la Facult\u00e9 en recourant \u00e0 des fumig\u00e8nes et des p\u00e9tards\u00bb, a fait savoir la m\u00eame source, relevant qu&rsquo;un autre groupe de manifestants a, par vengeance, mis le feu \u00e0 un v\u00e9hicule de police et saccag\u00e9 des voitures appartenant \u00e0 des particuliers.<\/p>\n<p>Auteur: elmoudjahid<br \/>\n<a href=\"http:\/\/www.elmoudjahid.com\/fr\/actualites\/135799\">Cliquez ici pour lire l&rsquo;article depuis sa source.<\/a><\/p>\n","protected":false},"excerpt":{"rendered":"<p>Le Directeur g\u00e9n\u00e9ral de la S\u00fbret\u00e9 nationale (DGSN), Abdelkader Kara Bouhadba, accompagn\u00e9 du wali d&rsquo;Alger, Abdelkader Zoukh, s&rsquo;est rendu, vendredi soir, \u00e0 l&rsquo;H\u00f4pital central de la S\u00fbret\u00e9 nationale (Les Glycines), pour s&rsquo;enqu\u00e9rir de l&rsquo;\u00e9tat de sant\u00e9 des \u00e9l\u00e9ments de la police bless\u00e9s, lors des \u00abviolences et des destructions\u00bb qu&rsquo;a connues la capitale Alger, au niveau [&hellip;]<\/p>\n","protected":false},"author":1744,"featured_media":0,"comment_status":"closed","ping_status":"closed","sticky":false,"template":"","format":"standard","meta":{"fifu_image_url":"","fifu_image_alt":"","footnotes":""},"categories":[73,53],"tags":[],"class_list":["post-27756","post","type-post","status-publish","format-standard","hentry","category-actualite","category-algerie"],"_links":{"self":[{"href":"https:\/\/linitiative.ca\/International\/wp-json\/wp\/v2\/posts\/27756","targetHints":{"allow":["GET"]}}],"collection":[{"href":"https:\/\/linitiative.ca\/International\/wp-json\/wp\/v2\/posts"}],"about":[{"href":"https:\/\/linitiative.ca\/International\/wp-json\/wp\/v2\/types\/post"}],"author":[{"embeddable":true,"href":"https:\/\/linitiative.ca\/International\/wp-json\/wp\/v2\/users\/1744"}],"replies":[{"embeddable":true,"href":"https:\/\/linitiative.ca\/International\/wp-json\/wp\/v2\/comments?post=27756"}],"version-history":[{"count":0,"href":"https:\/\/linitiative.ca\/International\/wp-json\/wp\/v2\/posts\/27756\/revisions"}],"wp:attachment":[{"href":"https:\/\/linitiative.ca\/International\/wp-json\/wp\/v2\/media?parent=27756"}],"wp:term":[{"taxonomy":"category","embeddable":true,"href":"https:\/\/linitiative.ca\/International\/wp-json\/wp\/v2\/categories?post=27756"},{"taxonomy":"post_tag","embeddable":true,"href":"https:\/\/linitiative.ca\/International\/wp-json\/wp\/v2\/tags?post=27756"}],"curies":[{"name":"wp","href":"https:\/\/api.w.org\/{rel}","templated":true}]}}