{"id":27757,"date":"2019-04-13T19:00:00","date_gmt":"2019-04-13T23:00:00","guid":{"rendered":"https:\/\/linitiative.ca\/International\/education-des-mesures-pour-rattraper-le-retard-des-cours-scolaires\/"},"modified":"2019-04-13T19:00:00","modified_gmt":"2019-04-13T23:00:00","slug":"education-des-mesures-pour-rattraper-le-retard-des-cours-scolaires","status":"publish","type":"post","link":"https:\/\/linitiative.ca\/International\/education-des-mesures-pour-rattraper-le-retard-des-cours-scolaires\/","title":{"rendered":"Education : Des mesures pour rattraper le retard des cours scolaires"},"content":{"rendered":"<p><strong>Le secteur de l\u2019\u00c9ducation a connu, cette ann\u00e9e, plusieurs mouvements de gr\u00e8ve enclench\u00e9s\u00a0 par les syndicats autonomes. Des mouvements qui ont largement perturb\u00e9 les \u00e9l\u00e8ves,\u00a0 mais ont eu aussi un grand impact sur l\u2019avancement des programmes p\u00e9dagogiques,\u00a0 dont le taux n\u2019a pas \u00e9t\u00e9 d\u00e9voil\u00e9.<\/strong><\/p>\n<p>Ainsi, le ministre de l\u2019\u00c9ducation nationale, Abdelhakim Belabed, a instruit les inspecteurs de faire le point sur les retards dans les cours des \u00e9l\u00e8ves des classes d\u2019examens, estim\u00e9s \u00e0 13 jours, selon les rapports pr\u00e9liminaires publi\u00e9s par les directions de l\u2019\u00c9ducation.<br \/>Aussi, un appel a \u00e9t\u00e9 lanc\u00e9 par l\u2019Inspection g\u00e9n\u00e9rale aux inspecteurs de l\u2019enseignement moyen et secondaire, les sommant d\u2019assurer le suivi des programmes. Il est question \u00e9galement d\u2019\u00e9tablir une liste des \u00e9tablissements ayant enregistr\u00e9 un retard avant la fin du troisi\u00e8me trimestre en cours.<br \/>Il faut dire \u00e0 ce propos que les pr\u00e9paratifs des examens pour les trois cycles se poursuivent et concerneront plus de 810.000 \u00e9l\u00e8ves du cycle primaire, plus de 630.000 candidats au Brevet d\u2019enseignement moyen et plus de 674.000 inscrits au baccalaur\u00e9at 2019, dont pr\u00e8s de 40% de candidats libres. Il convient de rappeler par ailleurs que l\u2019examen du baccalaur\u00e9at aura lieu du 16 au 20 juin, celui du Brevet d\u2019enseignement moyen, du 9 au 11 juin, tandis que l\u2019examen de la 5e ann\u00e9e primaire est fix\u00e9 au 29 mai.<br \/>Chaque ann\u00e9e, le minist\u00e8re de l\u2019\u00c9ducation nationale d\u00e9ploie de grands moyens mat\u00e9riels et humains en vue de garantir les meilleures conditions pour le bon d\u00e9roulement des \u00e9preuves et le bac en particulier. Un examen qui s\u2019inscrit dans la continuit\u00e9, puisque, comme l\u2019a affirm\u00e9 le ministre, \u00abil n\u2019y aura pas de changement dans les \u00e9preuves du bac\u00bb.<br \/>Pour les pr\u00e9paratifs de l\u2019examen d\u2019\u00e9ducation physique et sportive pour les candidats libres aux examens du bac et du BEM, celui-ci est fix\u00e9 du 21 mars au 6 avril.<br \/>Selon le minist\u00e8re, \u00able nombre des candidats libres \u00e0 l\u2019examen du baccalaur\u00e9at (session 2019) concern\u00e9s par l\u2019\u00e9preuve d\u2019EPS s\u2019\u00e9l\u00e8ve \u00e0 198.262 sur un total de 262.415 candidats libres\u00bb. Parmi ces candidats, 117.526 sont de sexe masculin et 80.736 de sexe f\u00e9minin, r\u00e9partis sur 187 centres d\u2019examen.<br \/>\u00a0Le nombre des candidats libres au BEM (session 2019) concern\u00e9s par l\u2019\u00e9preuve d\u2019EPS est de \u00ab11.736 candidats sur un total de 193.352 candidats libres\u00bb. Il s\u2019agit de 8.256 candidats et de 3.507 candidates, r\u00e9partis sur les centres d\u2019examen au niveau national.<br \/><strong>Salima Ettouahria<\/strong><br \/>\u00a0<\/p>\n<p>Auteur: elmoudjahid<br \/>\n<a href=\"http:\/\/www.elmoudjahid.com\/fr\/actualites\/135800\">Cliquez ici pour lire l&rsquo;article depuis sa source.<\/a><\/p>\n","protected":false},"excerpt":{"rendered":"<p>Le secteur de l\u2019\u00c9ducation a connu, cette ann\u00e9e, plusieurs mouvements de gr\u00e8ve enclench\u00e9s\u00a0 par les syndicats autonomes. Des mouvements qui ont largement perturb\u00e9 les \u00e9l\u00e8ves,\u00a0 mais ont eu aussi un grand impact sur l\u2019avancement des programmes p\u00e9dagogiques,\u00a0 dont le taux n\u2019a pas \u00e9t\u00e9 d\u00e9voil\u00e9. Ainsi, le ministre de l\u2019\u00c9ducation nationale, Abdelhakim Belabed, a instruit les [&hellip;]<\/p>\n","protected":false},"author":1744,"featured_media":0,"comment_status":"closed","ping_status":"closed","sticky":false,"template":"","format":"standard","meta":{"fifu_image_url":"","fifu_image_alt":"","footnotes":""},"categories":[73,53],"tags":[],"class_list":["post-27757","post","type-post","status-publish","format-standard","hentry","category-actualite","category-algerie"],"_links":{"self":[{"href":"https:\/\/linitiative.ca\/International\/wp-json\/wp\/v2\/posts\/27757","targetHints":{"allow":["GET"]}}],"collection":[{"href":"https:\/\/linitiative.ca\/International\/wp-json\/wp\/v2\/posts"}],"about":[{"href":"https:\/\/linitiative.ca\/International\/wp-json\/wp\/v2\/types\/post"}],"author":[{"embeddable":true,"href":"https:\/\/linitiative.ca\/International\/wp-json\/wp\/v2\/users\/1744"}],"replies":[{"embeddable":true,"href":"https:\/\/linitiative.ca\/International\/wp-json\/wp\/v2\/comments?post=27757"}],"version-history":[{"count":0,"href":"https:\/\/linitiative.ca\/International\/wp-json\/wp\/v2\/posts\/27757\/revisions"}],"wp:attachment":[{"href":"https:\/\/linitiative.ca\/International\/wp-json\/wp\/v2\/media?parent=27757"}],"wp:term":[{"taxonomy":"category","embeddable":true,"href":"https:\/\/linitiative.ca\/International\/wp-json\/wp\/v2\/categories?post=27757"},{"taxonomy":"post_tag","embeddable":true,"href":"https:\/\/linitiative.ca\/International\/wp-json\/wp\/v2\/tags?post=27757"}],"curies":[{"name":"wp","href":"https:\/\/api.w.org\/{rel}","templated":true}]}}