{"id":27759,"date":"2019-04-13T19:00:00","date_gmt":"2019-04-13T23:00:00","guid":{"rendered":"https:\/\/linitiative.ca\/International\/61e-anniversaire-de-la-mort-dahmed-benchiha-et-de-mohamed-ait-boudjemaa-deux-grands-fedayine\/"},"modified":"2019-04-13T19:00:00","modified_gmt":"2019-04-13T23:00:00","slug":"61e-anniversaire-de-la-mort-dahmed-benchiha-et-de-mohamed-ait-boudjemaa-deux-grands-fedayine","status":"publish","type":"post","link":"https:\/\/linitiative.ca\/International\/61e-anniversaire-de-la-mort-dahmed-benchiha-et-de-mohamed-ait-boudjemaa-deux-grands-fedayine\/","title":{"rendered":"61e anniversaire de la mort d\u2019Ahmed Benchiha et de Mohamed A\u00eft Boudjema\u00e2 : Deux grands fedayine"},"content":{"rendered":"<p>Des moudjahidine et des historiens ont mis en avant, hier, les qualit\u00e9s des deux martyrs Ahmed Benchiha et A\u00eft Boudjemaa Mohamed et \u00e9voqu\u00e9 leur parcours dans la lutte arm\u00e9e, \u00e0 l&rsquo;occasion de la c\u00e9l\u00e9bration du 61e anniversaire de leur mort. \u00a0<br \/>\u00a0Les participants \u00e0 cette conf\u00e9rence, organis\u00e9e par la circonscription administrative de Ch\u00e9raga, \u00e0 la salle de cin\u00e9ma Sahel, \u00e0 laquelle ont pris part des membres de la famille r\u00e9volutionnaire, des associations et les Scouts musulmans alg\u00e9riens, ont apport\u00e9 des t\u00e9moignages sur les qualit\u00e9s des deux martyrs et leur parcours militant.<br \/>Le moudjahid Baali Khemis, compagnon des deux martyrs a \u00e9voqu\u00e9 le courage et la bravoure dont ont fait preuve ces deux martyrs tomb\u00e9s au champ d&rsquo;honneur le 13 avril 1958 apr\u00e8s avoir \u00e9t\u00e9 encercl\u00e9s par l&rsquo;arm\u00e9e fran\u00e7aise \u00e0 Ch\u00e9raga. N\u00e9 en 1933 \u00e0 Larbaa (Blida), Mohamed Benchiha a accompli sa premi\u00e8re op\u00e9ration fida\u00efe en 1956 apr\u00e8s son adh\u00e9sion \u00e0 l&rsquo;Arm\u00e9e de lib\u00e9ration nationale (ALN). Apr\u00e8s avoir \u00e9t\u00e9 arr\u00eat\u00e9 \u00e0 Hussein Dey o\u00f9 il avait ex\u00e9cut\u00e9 une autre op\u00e9ration, il parvient \u00e0 s&rsquo;\u00e9chapper de prison au d\u00e9but de l&rsquo;ann\u00e9e 1958 pour poursuivre le combat. N\u00e9 en 1929 \u00e0 Aghrib (Tizi Ouzou), A\u00eft Boudjemaa a rejoint les rangs de la R\u00e9volution d\u00e8s la proclamation du 1er Novembre 1954. Sa premi\u00e8re op\u00e9ration fida\u00efe fut l&rsquo;attaque de la caserne de Boufarik. Omar A\u00eft Boudjemaa, fils de Ahmed Boudjemaa a tenu \u00e0 saluer la c\u00e9l\u00e9bration de la mort de son p\u00e8re et du chahid Ahmed Benchiha. \u00a0<br \/>De son c\u00f4t\u00e9, le directeur de la Culture de la wilaya d&rsquo;Alger, Mokhtar Khaldi, a mis l&rsquo;accent sur le r\u00f4le de la r\u00e9gion de Ch\u00e9raga durant la guerre de Lib\u00e9ration, rappelant que cette ville a abrit\u00e9 la bataille de Sidi Khalef.<br \/>Pour sa part, le chercheur Cheikh El Mahroussa a \u00e9voqu\u00e9 son \u0153uvre historique Ch\u00e9raga entre hier et aujourd&rsquo;hui, pr\u00e9cisant que cet ouvrage, qui verra le jour prochainement, a pour objectif d&rsquo;\u00e9crire l&rsquo;histoire de la ville de Ch\u00e9raga et pr\u00e9server la m\u00e9moire historique de cette r\u00e9gion. Une exposition de vieilles photographies de Ibrahim Chaabni a \u00e9t\u00e9 organis\u00e9e dans le hall de la salle.<br \/>\u00a0<\/p>\n<p>Auteur: elmoudjahid<br \/>\n<a href=\"http:\/\/www.elmoudjahid.com\/fr\/actualites\/135802\">Cliquez ici pour lire l&rsquo;article depuis sa source.<\/a><\/p>\n","protected":false},"excerpt":{"rendered":"<p>Des moudjahidine et des historiens ont mis en avant, hier, les qualit\u00e9s des deux martyrs Ahmed Benchiha et A\u00eft Boudjemaa Mohamed et \u00e9voqu\u00e9 leur parcours dans la lutte arm\u00e9e, \u00e0 l&rsquo;occasion de la c\u00e9l\u00e9bration du 61e anniversaire de leur mort. \u00a0\u00a0Les participants \u00e0 cette conf\u00e9rence, organis\u00e9e par la circonscription administrative de Ch\u00e9raga, \u00e0 la salle [&hellip;]<\/p>\n","protected":false},"author":1744,"featured_media":0,"comment_status":"closed","ping_status":"closed","sticky":false,"template":"","format":"standard","meta":{"fifu_image_url":"","fifu_image_alt":"","footnotes":""},"categories":[73,53],"tags":[],"class_list":["post-27759","post","type-post","status-publish","format-standard","hentry","category-actualite","category-algerie"],"_links":{"self":[{"href":"https:\/\/linitiative.ca\/International\/wp-json\/wp\/v2\/posts\/27759","targetHints":{"allow":["GET"]}}],"collection":[{"href":"https:\/\/linitiative.ca\/International\/wp-json\/wp\/v2\/posts"}],"about":[{"href":"https:\/\/linitiative.ca\/International\/wp-json\/wp\/v2\/types\/post"}],"author":[{"embeddable":true,"href":"https:\/\/linitiative.ca\/International\/wp-json\/wp\/v2\/users\/1744"}],"replies":[{"embeddable":true,"href":"https:\/\/linitiative.ca\/International\/wp-json\/wp\/v2\/comments?post=27759"}],"version-history":[{"count":0,"href":"https:\/\/linitiative.ca\/International\/wp-json\/wp\/v2\/posts\/27759\/revisions"}],"wp:attachment":[{"href":"https:\/\/linitiative.ca\/International\/wp-json\/wp\/v2\/media?parent=27759"}],"wp:term":[{"taxonomy":"category","embeddable":true,"href":"https:\/\/linitiative.ca\/International\/wp-json\/wp\/v2\/categories?post=27759"},{"taxonomy":"post_tag","embeddable":true,"href":"https:\/\/linitiative.ca\/International\/wp-json\/wp\/v2\/tags?post=27759"}],"curies":[{"name":"wp","href":"https:\/\/api.w.org\/{rel}","templated":true}]}}