{"id":27761,"date":"2019-04-13T19:00:00","date_gmt":"2019-04-13T23:00:00","guid":{"rendered":"https:\/\/linitiative.ca\/International\/accord-de-peche-ue-maroc-le-front-polisario-deposera-prochainement-une-plainte-devant-la-cjue\/"},"modified":"2019-04-13T19:00:00","modified_gmt":"2019-04-13T23:00:00","slug":"accord-de-peche-ue-maroc-le-front-polisario-deposera-prochainement-une-plainte-devant-la-cjue","status":"publish","type":"post","link":"https:\/\/linitiative.ca\/International\/accord-de-peche-ue-maroc-le-front-polisario-deposera-prochainement-une-plainte-devant-la-cjue\/","title":{"rendered":"Accord de p\u00eache UE &#8211; Maroc  : Le Front Polisario d\u00e9posera prochainement une   plainte devant la CJUE"},"content":{"rendered":"<p>Le pr\u00e9sident de la Commission des relations ext\u00e9rieures aupr\u00e8s du secr\u00e9tariat national du Front Polisario, M\u2019hamed Kheddad, a affirm\u00e9 qu\u2019une plainte contre l\u2019accord de p\u00eache entre l\u2019UE et le Maroc \u00e9largi ill\u00e9galement aux eaux territoriales sahraouies sera d\u00e9pos\u00e9e dans les prochains jours devant la Cour de justice de l\u2019Union europ\u00e9enne (CJUE), soulignant qu\u2019un dossier \u00abtr\u00e8s solide\u00bb a \u00e9t\u00e9 pr\u00e9par\u00e9 pour que l\u2019accord en question soit rejet\u00e9.<br \/>S\u2019exprimant dans une d\u00e9claration \u00e0 l\u2019agence russe Sputnik, \u00e0 Moscou, o\u00f9 il effectue actuellement une visite de travail, M\u2019Hamed Kheddad a indiqu\u00e9 que le Front Polisario compte d\u00e9poser dans les prochains jours une plainte, devant la Cour de justice europ\u00e9enne, contre l\u2019accord de p\u00eache conclu ill\u00e9galement entre l\u2019UE et le Maroc au m\u00e9pris des arr\u00eats de la CJUE datant de 2016 et de 2018. \u00abNous avons la conviction que nous avons, \u00e0 cet \u00e9gard, un dossier tr\u00e8s solide et que la Cour va rejeter totalement ses accords parce qu\u2019ils sont ill\u00e9gaux, car sans fondements et n\u2019ont aucune base juridique\u00bb, a soulign\u00e9 le coordinateur du Front Polisario avec la Mission des Nations unies pour le r\u00e9f\u00e9rendum au Sahara occidental (MNURSO). M. Kheddad a rappel\u00e9, \u00e0 l\u2019occasion, que la CJUE avait d\u00e9j\u00e0 statu\u00e9 sur \u00abl\u2019inapplicabilit\u00e9 des accords UE-Maroc au Sahara occidental, d\u00e9sign\u00e9 comme territoire distinct et s\u00e9par\u00e9 ne relevant pas de la pr\u00e9tendue souverainet\u00e9 marocaine\u00bb, ainsi que sur \u00able consentement pr\u00e9alable du peuple sahraoui \u00e0 tout accord portant sur l\u2019exploitation de ses ressources naturelles\u00bb.<br \/>La nouvelle saisie de la Cour de Justice de l\u2019Union europ\u00e9enne par le Front Polisario intervient apr\u00e8s l\u2019adoption en f\u00e9vrier dernier par le Parlement europ\u00e9en de l\u2019accord de p\u00eache UE-Maroc et de son protocole de mise en oeuvre incluant ill\u00e9galement les eaux territoriales sahraouies. Le Front Polisario s\u2019\u00e9tait oppos\u00e9 fermement \u00e0 cet accord ill\u00e9gal qui viole le droit fondamental du peuple sahraoui \u00e0 l\u2019autod\u00e9termination et qui ne fait qu\u2019alimenter la poursuite du conflit au Sahara occidental.<\/p>\n<p>Auteur: elmoudjahid<br \/>\n<a href=\"http:\/\/www.elmoudjahid.com\/fr\/actualites\/135804\">Cliquez ici pour lire l&rsquo;article depuis sa source.<\/a><\/p>\n","protected":false},"excerpt":{"rendered":"<p>Le pr\u00e9sident de la Commission des relations ext\u00e9rieures aupr\u00e8s du secr\u00e9tariat national du Front Polisario, M\u2019hamed Kheddad, a affirm\u00e9 qu\u2019une plainte contre l\u2019accord de p\u00eache entre l\u2019UE et le Maroc \u00e9largi ill\u00e9galement aux eaux territoriales sahraouies sera d\u00e9pos\u00e9e dans les prochains jours devant la Cour de justice de l\u2019Union europ\u00e9enne (CJUE), soulignant qu\u2019un dossier \u00abtr\u00e8s [&hellip;]<\/p>\n","protected":false},"author":1744,"featured_media":0,"comment_status":"closed","ping_status":"closed","sticky":false,"template":"","format":"standard","meta":{"fifu_image_url":"","fifu_image_alt":"","footnotes":""},"categories":[73,53],"tags":[],"class_list":["post-27761","post","type-post","status-publish","format-standard","hentry","category-actualite","category-algerie"],"_links":{"self":[{"href":"https:\/\/linitiative.ca\/International\/wp-json\/wp\/v2\/posts\/27761","targetHints":{"allow":["GET"]}}],"collection":[{"href":"https:\/\/linitiative.ca\/International\/wp-json\/wp\/v2\/posts"}],"about":[{"href":"https:\/\/linitiative.ca\/International\/wp-json\/wp\/v2\/types\/post"}],"author":[{"embeddable":true,"href":"https:\/\/linitiative.ca\/International\/wp-json\/wp\/v2\/users\/1744"}],"replies":[{"embeddable":true,"href":"https:\/\/linitiative.ca\/International\/wp-json\/wp\/v2\/comments?post=27761"}],"version-history":[{"count":0,"href":"https:\/\/linitiative.ca\/International\/wp-json\/wp\/v2\/posts\/27761\/revisions"}],"wp:attachment":[{"href":"https:\/\/linitiative.ca\/International\/wp-json\/wp\/v2\/media?parent=27761"}],"wp:term":[{"taxonomy":"category","embeddable":true,"href":"https:\/\/linitiative.ca\/International\/wp-json\/wp\/v2\/categories?post=27761"},{"taxonomy":"post_tag","embeddable":true,"href":"https:\/\/linitiative.ca\/International\/wp-json\/wp\/v2\/tags?post=27761"}],"curies":[{"name":"wp","href":"https:\/\/api.w.org\/{rel}","templated":true}]}}