{"id":27762,"date":"2019-04-13T19:00:00","date_gmt":"2019-04-13T23:00:00","guid":{"rendered":"https:\/\/linitiative.ca\/International\/acte-22-des-gilets-jaunes-en-france-haute-tension\/"},"modified":"2019-04-13T19:00:00","modified_gmt":"2019-04-13T23:00:00","slug":"acte-22-des-gilets-jaunes-en-france-haute-tension","status":"publish","type":"post","link":"https:\/\/linitiative.ca\/International\/acte-22-des-gilets-jaunes-en-france-haute-tension\/","title":{"rendered":"Acte 22 des \u00ab gilets jaunes \u00bb en France : haute tension"},"content":{"rendered":"<p><strong>Le 22e acte des \u00abgilets jaunes\u00bb s\u2019est caract\u00e9ris\u00e9 hier par un regain de mobilisation, \u00e0 travers plusieurs villes de France, dont certaines ont connu beaucoup de tensions. Selon le minist\u00e8re de l\u2019Int\u00e9rieur, il y avait 31.000 manifestants (22.000 samedi dernier, dont 5.000 \u00e0 Paris),\u00a0 alors que le d\u00e9compte des \u00abgilets jaunes\u00bb avoisine les 80.000 manifestants.<\/strong><\/p>\n<p>Cette \u00e9ni\u00e8me mobilisation s\u2019est d\u00e9roul\u00e9e dans l\u2019attente des premi\u00e8res annonces du pr\u00e9sident Emmanuel Macron apr\u00e8s le \u00abgrand d\u00e9bat national\u00bb, lanc\u00e9 le 15 janvier dernier pour \u00e9teindre la col\u00e8re des Fran\u00e7ais, n\u00e9 du ras-le-bol fiscal et de l\u2019\u00e9rosion du pouvoir d\u2019achat. Toulouse a \u00e9t\u00e9 ce samedi la \u00abcapitale des +gilets jaunes+\u00bb qui a rassembl\u00e9 des milliers de manifestants. Mais cette mobilisation s\u2019est transform\u00e9e en sc\u00e8nes d\u2019affrontements entre des manifestants et les forces de s\u00e9curit\u00e9. La police a signal\u00e9 la pr\u00e9sence dans les affrontements des \u00abcasseurs\u00bb, malgr\u00e9 l\u2019adoption r\u00e9cemment d\u2019une loi anticasseurs tr\u00e8s r\u00e9pressive et dissuasive. Une loi d\u00e9cri\u00e9e par les \u00abgilets jaunes\u00bb qui demandent l\u2019abrogation de cette loi \u00abliberticide\u00bb. Une agence d\u2019int\u00e9rim a \u00e9t\u00e9 saccag\u00e9e, une voiture incendi\u00e9e et du mobilier urbain endommag\u00e9. On d\u00e9plore deux personnes bless\u00e9es en urgence relative et la police a annonc\u00e9 l\u2019interpellation de 23 personnes. Ailleurs, les manifestations se sont d\u00e9roul\u00e9es dans le calme, mais la crise des \u00abgilets jaunes\u00bb, apr\u00e8s cinq mois de mobilisation, ne semble gu\u00e8re conna\u00eetre de d\u00e9nouement malgr\u00e9 les tr\u00e8s attendues annonces du pr\u00e9sident Macron de nouvelles mesures apr\u00e8s avoir tir\u00e9 les le\u00e7ons des dol\u00e9ances des Fran\u00e7ais qui ont pris part au \u00abgrand d\u00e9bat national\u00bb. Cependant, des inqui\u00e9tudes sont exprim\u00e9es ici et l\u00e0 quant \u00e0 une relance de la contestation des \u00abgilets jaunes\u00bb au cas o\u00f9 le pr\u00e9sident Macron \u00e9chouerait \u00e0 r\u00e9pondes aux attentes. Pourtant, le Premier ministre Edouard Philippe a d\u00e9j\u00e0 donn\u00e9 un avant-go\u00fbt des d\u00e9cisions que devra annoncer son premier chef.<br \/>Lundi, il a affirm\u00e9 que le besoin de changement chez les Fran\u00e7ais \u00abest si radical que tout conservatisme, toute frilosit\u00e9 serait \u00e0 mes yeux impardonnable\u00bb, ajoutant que dans cette situation \u00abh\u00e9siter serait pire qu\u2019une erreur, ce serait une faute\u00bb. Il a expliqu\u00e9 la d\u00e9fiance entre les Fran\u00e7ais et leurs repr\u00e9sentants a prosp\u00e9r\u00e9 sur des \u00ab\u00e9checs collectifs\u00bb, citant en exemple le \u00abch\u00f4mage de masse\u00bb, \u00able blocage de l\u2019ascenseur social\u00bb et des \u00abmaladresses et des malentendus\u00bb. Revenant sur la crise des \u00abgilets jaunes\u00bb, le Premier ministre fran\u00e7ais a soulign\u00e9 que le mouvement est n\u00e9 d\u2019un \u00abmalaise profond de beaucoup\u00bb de Fran\u00e7ais qui manifestent \u00abun besoin de consid\u00e9ration et de reconnaissance, une volont\u00e9 d\u2019\u00eatre associ\u00e9 \u00e0 la d\u00e9cision au lieu de la subir\u00bb. En d\u00e9cembre dernier, le gouvernement avait pris un certain nombre de mesures sociales, d\u2019une enveloppe de 10 milliards d\u2019euros, mais il n\u2019a pas pu taire la col\u00e8re des manifestants.<\/p>\n<p><strong>Que proposera le pr\u00e9sident Macron\u00a0?<\/strong><\/p>\n<p>Le Mouvement des \u00abgilets jaunes\u00bb en France a manifest\u00e9 hier avant les annonces attendues dans les prochains jours du pr\u00e9sident, Emmanuel Macron, cens\u00e9es mettre un terme \u00e0 une crise qui dure depuis pr\u00e8s de 5 mois, rapportent des m\u00e9dias locaux. Les \u00abgilets jaunes\u00bb, dont la mobilisation a accus\u00e9 un recul la semaine derni\u00e8re, ont tent\u00e9 de faire nombre cette fois-ci \u00e0 Toulouse, dans le sud-ouest, \u00abcapitale\u00bb proclam\u00e9e de la mobilisation nationale. Les rassemblements ont eu lieu aussi \u00e0 Paris Marseille, Grenoble, Lille ainsi que dans d\u2019autres villes, ont affirm\u00e9 des sources proches du mouvement en question.<br \/>Les manifestations de ce samedi ne rel\u00e8vent pas une importance particuli\u00e8re sinon la d\u00e9fiance de la loi anticasseurs entr\u00e9e en vigueur depuis jeudi dernier, instaurant notamment un d\u00e9lit de dissimulation du visage dans les manifestations. La loi en question a \u00e9t\u00e9 \u00abpress\u00e9e\u00bb d\u2019\u00eatre entr\u00e9e en vigueur apr\u00e8s les sc\u00e8nes de saccage et de pillage qu\u2019ont connus les c\u00e9l\u00e8bres champs Elys\u00e9es en plein Paris. \u00abLa journ\u00e9e d\u00e9cisive sera celle du samedi prochain 20 avril, soit apr\u00e8s les annonces attendues d\u2019Emmanuel Macron\u00bb, affirme-t-on. Apr\u00e8s plus de deux mois de consultation l\u2019ayant men\u00e9e dans plusieurs r\u00e9gion de l\u2019 Hexagone, le chef de l\u2019Etat doit en effet annoncer des mesures \u00abpuissantes\u00bb et \u00abmassives\u00bb, selon l\u2019ex\u00e9cutif, pour tenter d\u2019apaiser le mouvement social, n\u00e9 \u00e0 l\u2019origine d\u2019un ras-le-bol fiscal. La pr\u00e9sidence n\u2019a d\u00e9voil\u00e9 ni la date exacte ni le format de cette prise de parole. Plusieurs pistes sont \u00e9voqu\u00e9es, telles la suppression ou la r\u00e9forme de l\u2019ENA, \u00e9cole de formation des \u00e9lites de l\u2019Etat, la suppression des avantages des anciens pr\u00e9sidents et ministres, la prise en compte du vote blanc, la diminution du nombre de parlementaires&#8230; La semaine derni\u00e8re, l\u2019acte 21 avait rassembl\u00e9 plus de 22000 personnes dans les rues, selon le minist\u00e8re de l\u2019Int\u00e9rieur, soit le plus faible d\u00e9compte officiel depuis novembre. Sur la page Facebook du \u00abNombre jaune\u00bb, les \u00abgilets jaunes\u00bb revendiquaient eux bien plus du triple.<br \/>\u00a0<\/p>\n<p>Auteur: elmoudjahid<br \/>\n<a href=\"http:\/\/www.elmoudjahid.com\/fr\/actualites\/135805\">Cliquez ici pour lire l&rsquo;article depuis sa source.<\/a><\/p>\n","protected":false},"excerpt":{"rendered":"<p>Le 22e acte des \u00abgilets jaunes\u00bb s\u2019est caract\u00e9ris\u00e9 hier par un regain de mobilisation, \u00e0 travers plusieurs villes de France, dont certaines ont connu beaucoup de tensions. Selon le minist\u00e8re de l\u2019Int\u00e9rieur, il y avait 31.000 manifestants (22.000 samedi dernier, dont 5.000 \u00e0 Paris),\u00a0 alors que le d\u00e9compte des \u00abgilets jaunes\u00bb avoisine les 80.000 manifestants. [&hellip;]<\/p>\n","protected":false},"author":1744,"featured_media":0,"comment_status":"closed","ping_status":"closed","sticky":false,"template":"","format":"standard","meta":{"fifu_image_url":"","fifu_image_alt":"","footnotes":""},"categories":[73,53],"tags":[],"class_list":["post-27762","post","type-post","status-publish","format-standard","hentry","category-actualite","category-algerie"],"_links":{"self":[{"href":"https:\/\/linitiative.ca\/International\/wp-json\/wp\/v2\/posts\/27762","targetHints":{"allow":["GET"]}}],"collection":[{"href":"https:\/\/linitiative.ca\/International\/wp-json\/wp\/v2\/posts"}],"about":[{"href":"https:\/\/linitiative.ca\/International\/wp-json\/wp\/v2\/types\/post"}],"author":[{"embeddable":true,"href":"https:\/\/linitiative.ca\/International\/wp-json\/wp\/v2\/users\/1744"}],"replies":[{"embeddable":true,"href":"https:\/\/linitiative.ca\/International\/wp-json\/wp\/v2\/comments?post=27762"}],"version-history":[{"count":0,"href":"https:\/\/linitiative.ca\/International\/wp-json\/wp\/v2\/posts\/27762\/revisions"}],"wp:attachment":[{"href":"https:\/\/linitiative.ca\/International\/wp-json\/wp\/v2\/media?parent=27762"}],"wp:term":[{"taxonomy":"category","embeddable":true,"href":"https:\/\/linitiative.ca\/International\/wp-json\/wp\/v2\/categories?post=27762"},{"taxonomy":"post_tag","embeddable":true,"href":"https:\/\/linitiative.ca\/International\/wp-json\/wp\/v2\/tags?post=27762"}],"curies":[{"name":"wp","href":"https:\/\/api.w.org\/{rel}","templated":true}]}}