{"id":27781,"date":"2019-04-14T13:54:00","date_gmt":"2019-04-14T17:54:00","guid":{"rendered":"https:\/\/linitiative.ca\/International\/education-les-examens-nationaux-auront-lieu-aux-dates-fixees\/"},"modified":"2019-04-14T13:54:00","modified_gmt":"2019-04-14T17:54:00","slug":"education-les-examens-nationaux-auront-lieu-aux-dates-fixees","status":"publish","type":"post","link":"https:\/\/linitiative.ca\/International\/education-les-examens-nationaux-auront-lieu-aux-dates-fixees\/","title":{"rendered":"EDUCATION  : Les examens nationaux auront lieu aux dates fix\u00e9es"},"content":{"rendered":"<p><br id=\"sep_para_1\" class=\"sep_para access\"\/><\/p>\n<div id=\"para_1\" class=\"para_30400572 resize\">\n<div class=\"texte access firstletter\">Les examens nationaux de fin\u00a0 d&rsquo;ann\u00e9e scolaire pour les trois cycles d&rsquo;enseignement auront lieu aux dates\u00a0 fix\u00e9es, soit du 29 mai au 20 juin prochain, a indiqu\u00e9, dimanche Abdelhakim Belabed, ministre de l&rsquo;Education nationale. Lors d&rsquo;un s\u00e9minaire national des directeurs de l&rsquo;\u00e9ducation, le ministre a pr\u00e9cis\u00e9 que \u00ab\u00a0les examens qui concernent plus de deux millions de candidats qui passeront leurs examens dans pr\u00e8s de 18.600 centres rev\u00eatent un caract\u00e8re particulier, car intervenant dans un contexte sensible qui n\u00e9cessite la mobilisation et la vigilance de tous pour le traverser en toute s\u00e9curit\u00e9\u00a0\u00bb. Selon le calendrier fix\u00e9 par le minist\u00e8re et l&rsquo;Office national des examens et concours (ONEC), les examens du baccalaur\u00e9at se d\u00e9rouleront du 16 au 20 juin prochain, ceux du Brevet d&rsquo;enseignement moyen (BEM) du 9 au 11 juin et ceux du fin de cycle primaire le 29 mai, soit durant le mois sacr\u00e9 du ramadhan.\u00a0\u00a0\u00a0\u00a0\u00a0\u00a0\u00a0\u00a0\u00a0\u00a0<\/div>\n<\/div>\n<p>Auteur: Ismain<br \/>\n<a href=\"https:\/\/www.reflexiondz.net\/EDUCATION-Les-examens-nationaux-auront-lieu-aux-dates-fixees_a55390.html\">Cliquez ici pour lire l&rsquo;article depuis sa source.<\/a><\/p>\n","protected":false},"excerpt":{"rendered":"<p>Les examens nationaux de fin\u00a0 d&rsquo;ann\u00e9e scolaire pour les trois cycles d&rsquo;enseignement auront lieu aux dates\u00a0 fix\u00e9es, soit du 29 mai au 20 juin prochain, a indiqu\u00e9, dimanche Abdelhakim Belabed, ministre de l&rsquo;Education nationale. Lors d&rsquo;un s\u00e9minaire national des directeurs de l&rsquo;\u00e9ducation, le ministre a pr\u00e9cis\u00e9 que \u00ab\u00a0les examens qui concernent plus de deux millions [&hellip;]<\/p>\n","protected":false},"author":1740,"featured_media":0,"comment_status":"closed","ping_status":"closed","sticky":false,"template":"","format":"standard","meta":{"fifu_image_url":"","fifu_image_alt":"","footnotes":""},"categories":[53,76],"tags":[],"class_list":["post-27781","post","type-post","status-publish","format-standard","hentry","category-algerie","category-regions"],"_links":{"self":[{"href":"https:\/\/linitiative.ca\/International\/wp-json\/wp\/v2\/posts\/27781","targetHints":{"allow":["GET"]}}],"collection":[{"href":"https:\/\/linitiative.ca\/International\/wp-json\/wp\/v2\/posts"}],"about":[{"href":"https:\/\/linitiative.ca\/International\/wp-json\/wp\/v2\/types\/post"}],"author":[{"embeddable":true,"href":"https:\/\/linitiative.ca\/International\/wp-json\/wp\/v2\/users\/1740"}],"replies":[{"embeddable":true,"href":"https:\/\/linitiative.ca\/International\/wp-json\/wp\/v2\/comments?post=27781"}],"version-history":[{"count":0,"href":"https:\/\/linitiative.ca\/International\/wp-json\/wp\/v2\/posts\/27781\/revisions"}],"wp:attachment":[{"href":"https:\/\/linitiative.ca\/International\/wp-json\/wp\/v2\/media?parent=27781"}],"wp:term":[{"taxonomy":"category","embeddable":true,"href":"https:\/\/linitiative.ca\/International\/wp-json\/wp\/v2\/categories?post=27781"},{"taxonomy":"post_tag","embeddable":true,"href":"https:\/\/linitiative.ca\/International\/wp-json\/wp\/v2\/tags?post=27781"}],"curies":[{"name":"wp","href":"https:\/\/api.w.org\/{rel}","templated":true}]}}