{"id":27782,"date":"2019-04-14T13:54:00","date_gmt":"2019-04-14T17:54:00","guid":{"rendered":"https:\/\/linitiative.ca\/International\/apres-le-ministre-de-linterieur-la-visite-du-ministre-de-lenergie-a-tebessa-empechee\/"},"modified":"2019-04-14T13:54:00","modified_gmt":"2019-04-14T17:54:00","slug":"apres-le-ministre-de-linterieur-la-visite-du-ministre-de-lenergie-a-tebessa-empechee","status":"publish","type":"post","link":"https:\/\/linitiative.ca\/International\/apres-le-ministre-de-linterieur-la-visite-du-ministre-de-lenergie-a-tebessa-empechee\/","title":{"rendered":"APRES LE MINISTRE DE L\u2019INTERIEUR : La visite du ministre de  l\u2019Energie \u00e0 T\u00e9bessa emp\u00each\u00e9e"},"content":{"rendered":"<p><br id=\"sep_para_1\" class=\"sep_para access\"\/><\/p>\n<div id=\"para_1\" class=\"para_30400543 resize\">\n<div class=\"texte access firstletter\">Apr\u00e8s le ministre de l\u2019Int\u00e9rieur chahut\u00e9 \u00e0 B\u00e9char, c\u2019est au tour du ministre de l\u2019Energie, Mohamed Arkab, de subir le rejet du peuple. Tentant d\u2019entamer, ce dimanche, une visite de travail dans la wilaya de T\u00e9bessa, \u00e0 l\u2019extr\u00eame Est du pays, le ministre de l\u2019Energie et sa d\u00e9l\u00e9gation ont \u00e9t\u00e9 encercl\u00e9s d\u00e8s leur arriv\u00e9e \u00e0 l\u2019a\u00e9roport, rapporte Ennahar TV. La d\u00e9l\u00e9gation minist\u00e9rielle a \u00e9t\u00e9 ainsi emp\u00each\u00e9e de sortir de l\u2019a\u00e9roport de Cheikh Larbi T\u00e9bessi, l\u2019obligeant \u00e0 se r\u00e9fugier derri\u00e8re un dispositif s\u00e9curitaire important.\u00a0<\/div>\n<\/div>\n<p>Auteur: Ismain<br \/>\n<a href=\"https:\/\/www.reflexiondz.net\/APRES-LE-MINISTRE-DE-L-INTERIEUR-La-visite-du-ministre-de-l-Energie-a-Tebessa-empechee_a55386.html\">Cliquez ici pour lire l&rsquo;article depuis sa source.<\/a><\/p>\n","protected":false},"excerpt":{"rendered":"<p>Apr\u00e8s le ministre de l\u2019Int\u00e9rieur chahut\u00e9 \u00e0 B\u00e9char, c\u2019est au tour du ministre de l\u2019Energie, Mohamed Arkab, de subir le rejet du peuple. Tentant d\u2019entamer, ce dimanche, une visite de travail dans la wilaya de T\u00e9bessa, \u00e0 l\u2019extr\u00eame Est du pays, le ministre de l\u2019Energie et sa d\u00e9l\u00e9gation ont \u00e9t\u00e9 encercl\u00e9s d\u00e8s leur arriv\u00e9e \u00e0 [&hellip;]<\/p>\n","protected":false},"author":1740,"featured_media":0,"comment_status":"closed","ping_status":"closed","sticky":false,"template":"","format":"standard","meta":{"fifu_image_url":"","fifu_image_alt":"","footnotes":""},"categories":[53,76],"tags":[],"class_list":["post-27782","post","type-post","status-publish","format-standard","hentry","category-algerie","category-regions"],"_links":{"self":[{"href":"https:\/\/linitiative.ca\/International\/wp-json\/wp\/v2\/posts\/27782","targetHints":{"allow":["GET"]}}],"collection":[{"href":"https:\/\/linitiative.ca\/International\/wp-json\/wp\/v2\/posts"}],"about":[{"href":"https:\/\/linitiative.ca\/International\/wp-json\/wp\/v2\/types\/post"}],"author":[{"embeddable":true,"href":"https:\/\/linitiative.ca\/International\/wp-json\/wp\/v2\/users\/1740"}],"replies":[{"embeddable":true,"href":"https:\/\/linitiative.ca\/International\/wp-json\/wp\/v2\/comments?post=27782"}],"version-history":[{"count":0,"href":"https:\/\/linitiative.ca\/International\/wp-json\/wp\/v2\/posts\/27782\/revisions"}],"wp:attachment":[{"href":"https:\/\/linitiative.ca\/International\/wp-json\/wp\/v2\/media?parent=27782"}],"wp:term":[{"taxonomy":"category","embeddable":true,"href":"https:\/\/linitiative.ca\/International\/wp-json\/wp\/v2\/categories?post=27782"},{"taxonomy":"post_tag","embeddable":true,"href":"https:\/\/linitiative.ca\/International\/wp-json\/wp\/v2\/tags?post=27782"}],"curies":[{"name":"wp","href":"https:\/\/api.w.org\/{rel}","templated":true}]}}