{"id":27787,"date":"2019-04-14T14:52:00","date_gmt":"2019-04-14T18:52:00","guid":{"rendered":"https:\/\/linitiative.ca\/International\/vers-la-levee-de-limmunite-de-amar-ghoul\/"},"modified":"2019-04-14T14:52:00","modified_gmt":"2019-04-14T18:52:00","slug":"vers-la-levee-de-limmunite-de-amar-ghoul","status":"publish","type":"post","link":"https:\/\/linitiative.ca\/International\/vers-la-levee-de-limmunite-de-amar-ghoul\/","title":{"rendered":"Vers la lev\u00e9e de l\u2019immunit\u00e9 de Amar Ghoul"},"content":{"rendered":"<p><br id=\"sep_para_1\" class=\"sep_para access\"\/><\/p>\n<div id=\"para_1\" class=\"para_30400897 resize\">\n<div class=\"photo shadow left\"><a href=\"javascript:void(0)\" rel=\"https:\/\/www.reflexiondz.net\/photo\/art\/grande\/32691929-30400897.jpg?v=1555269413&#038;ibox\" title=\"Vers la lev\u00e9e de l\u2019immunit\u00e9 de Amar Ghoul\"><img decoding=\"async\" class=\"responsive c9\" src=\"https:\/\/www.reflexiondz.net\/photo\/art\/grande\/32691929-30400897.jpg?v=1555269413\" alt=\"Vers la lev\u00e9e de l\u2019immunit\u00e9 de Amar Ghoul\" title=\"Vers la lev\u00e9e de l\u2019immunit\u00e9 de Amar Ghoul\"\/><img decoding=\"async\" class=\"not-responsive\" src=\"https:\/\/www.reflexiondz.net\/photo\/art\/default\/32691929-30400897.jpg?v=1555269414\" alt=\"Vers la lev\u00e9e de l\u2019immunit\u00e9 de Amar Ghoul\" title=\"Vers la lev\u00e9e de l\u2019immunit\u00e9 de Amar Ghoul\"\/><\/a><\/div>\n<div class=\"texte access firstletter\">Deux s\u00e9nateurs du tiers pr\u00e9sidentiel feront l\u2019objet d\u2019une lev\u00e9e de l\u2019immunit\u00e9 par le Conseil de la Nation, au cours de cette semaine, a r\u00e9v\u00e9l\u00e9 le site bourse-dz. Les deux s\u00e9nateurs, qui sont aussi des anciens ministres, sont suspect\u00e9s d\u2019\u00eatre m\u00eal\u00e9s \u00e0 des affaires de corruption lors de leur gestion des affaires de l\u2019Etat. Selon la m\u00eame source, Amar Ghoul est \u00e9galement expos\u00e9 \u00e0 cette mesure concernant l\u2019immunit\u00e9, dans le cadre des enqu\u00eates sur le projet de l\u2019autoroute Est-Ouest.<\/div>\n<\/div>\n<p>Auteur: R\u00e9flexion<br \/>\n<a href=\"https:\/\/www.reflexiondz.net\/Vers-la-levee-de-l-immunite-de-Amar-Ghoul_a55394.html\">Cliquez ici pour lire l&rsquo;article depuis sa source.<\/a><\/p>\n","protected":false},"excerpt":{"rendered":"<p>Deux s\u00e9nateurs du tiers pr\u00e9sidentiel feront l\u2019objet d\u2019une lev\u00e9e de l\u2019immunit\u00e9 par le Conseil de la Nation, au cours de cette semaine, a r\u00e9v\u00e9l\u00e9 le site bourse-dz. Les deux s\u00e9nateurs, qui sont aussi des anciens ministres, sont suspect\u00e9s d\u2019\u00eatre m\u00eal\u00e9s \u00e0 des affaires de corruption lors de leur gestion des affaires de l\u2019Etat. Selon la [&hellip;]<\/p>\n","protected":false},"author":1740,"featured_media":0,"comment_status":"closed","ping_status":"closed","sticky":false,"template":"","format":"standard","meta":{"fifu_image_url":"","fifu_image_alt":"","footnotes":""},"categories":[53,76],"tags":[],"class_list":["post-27787","post","type-post","status-publish","format-standard","hentry","category-algerie","category-regions"],"_links":{"self":[{"href":"https:\/\/linitiative.ca\/International\/wp-json\/wp\/v2\/posts\/27787","targetHints":{"allow":["GET"]}}],"collection":[{"href":"https:\/\/linitiative.ca\/International\/wp-json\/wp\/v2\/posts"}],"about":[{"href":"https:\/\/linitiative.ca\/International\/wp-json\/wp\/v2\/types\/post"}],"author":[{"embeddable":true,"href":"https:\/\/linitiative.ca\/International\/wp-json\/wp\/v2\/users\/1740"}],"replies":[{"embeddable":true,"href":"https:\/\/linitiative.ca\/International\/wp-json\/wp\/v2\/comments?post=27787"}],"version-history":[{"count":0,"href":"https:\/\/linitiative.ca\/International\/wp-json\/wp\/v2\/posts\/27787\/revisions"}],"wp:attachment":[{"href":"https:\/\/linitiative.ca\/International\/wp-json\/wp\/v2\/media?parent=27787"}],"wp:term":[{"taxonomy":"category","embeddable":true,"href":"https:\/\/linitiative.ca\/International\/wp-json\/wp\/v2\/categories?post=27787"},{"taxonomy":"post_tag","embeddable":true,"href":"https:\/\/linitiative.ca\/International\/wp-json\/wp\/v2\/tags?post=27787"}],"curies":[{"name":"wp","href":"https:\/\/api.w.org\/{rel}","templated":true}]}}