{"id":27795,"date":"2019-04-14T17:02:04","date_gmt":"2019-04-14T21:02:04","guid":{"rendered":"https:\/\/linitiative.ca\/International\/can-2019-quel-adversaire-pour-les-verts-en-8es-de-finale\/"},"modified":"2019-04-14T17:02:04","modified_gmt":"2019-04-14T21:02:04","slug":"can-2019-quel-adversaire-pour-les-verts-en-8es-de-finale","status":"publish","type":"post","link":"https:\/\/linitiative.ca\/International\/can-2019-quel-adversaire-pour-les-verts-en-8es-de-finale\/","title":{"rendered":"CAN-2019 :\u00a0Quel adversaire pour les Verts en 8es de finale"},"content":{"rendered":"<h4 class=\"title-14\"\/>\n<div class=\"featured_image\"><img width=\"1000\" height=\"657\" data-cfsrc=\"https:\/\/www.elwatan.com\/wp-content\/uploads\/2019\/04\/Sans-titre-1-31.jpg\" class=\"attachment-post-thumbnail size-post-thumbnail wp-post-image c1\" alt=\"\" srcset=\"https:\/\/www.elwatan.com\/wp-content\/uploads\/2019\/04\/Sans-titre-1-31.jpg 1000w, https:\/\/www.elwatan.com\/wp-content\/uploads\/2019\/04\/Sans-titre-1-31-300x197.jpg 300w, https:\/\/www.elwatan.com\/wp-content\/uploads\/2019\/04\/Sans-titre-1-31-768x505.jpg 768w\" sizes=\"(max-width: 1000px) 100vw, 1000px\"\/><noscript><\/p>\n<p><img loading=\"lazy\" decoding=\"async\" width=\"1000\" height=\"657\" src=\"https:\/\/www.elwatan.com\/wp-content\/uploads\/2019\/04\/Sans-titre-1-31.jpg\" class=\"attachment-post-thumbnail size-post-thumbnail wp-post-image\" alt=\"\" srcset=\"https:\/\/www.elwatan.com\/wp-content\/uploads\/2019\/04\/Sans-titre-1-31.jpg 1000w, https:\/\/www.elwatan.com\/wp-content\/uploads\/2019\/04\/Sans-titre-1-31-300x197.jpg 300w, https:\/\/www.elwatan.com\/wp-content\/uploads\/2019\/04\/Sans-titre-1-31-768x505.jpg 768w\" sizes=\"auto, (max-width: 1000px) 100vw, 1000px\"\/><\/p>\n<p><\/noscript><\/div>\n<p class=\"p4\"><span class=\"s3\"><strong>O<\/strong><\/span><span class=\"s4\">n conna\u00eet, depuis vendredi dernier, la composante des six groupes qui animeront la phase finale de la Coupe d\u2019Afrique des nations (CAN-2019), qu\u2019abritera l\u2019Egypte cet \u00e9t\u00e9 (21 juin-19 juillet).<\/span><\/p>\n<p class=\"p4\"><span class=\"s4\">Une phase finale qui verra les Verts, inject\u00e9s dans le groupe C, retrouver une troisi\u00e8me fois de suite le S\u00e9n\u00e9gal en phase finale, en compagnie de deux outsiders que sont la Tanzanie et le Kenya.<\/span><\/p>\n<p class=\"p4\"><span class=\"s4\">Une 32<sup>e<\/sup> \u00e9dition particuli\u00e8re, d\u2019abord en raison de toute la pol\u00e9mique entra\u00eenant sa d\u00e9localisation, puisque initialement pr\u00e9vue au Cameroun, avant que la CAF ne d\u00e9cide de \u00abl\u2019offrir\u00bb \u00e0 l\u2019Egypte, mais surtout du fait que c\u2019est la premi\u00e8re CAN qui se disputera avec 24 \u00e9quipes r\u00e9parties sur six groupes, alors qu\u2019elle se disputait avec 16 nations r\u00e9parties sur 4 groupes. De ce fait, un nouveau tour s\u2019invite dans la comp\u00e9tition, puisque les \u00e9quipes qualifi\u00e9es au second tour disputeront d\u00e9sormais un 8<sup>e<\/sup> de finale.<\/span><\/p>\n<p class=\"p4\"><span class=\"s4\">La configuration de cette 32<sup>e<\/sup> \u00e9dition de la CAF fait que d\u00e9sormais ce ne sont pas seulement les deux premiers de chaque groupe qui se hissent au second tour, puisqu\u2019il faudra y ajouter les quatre meilleurs troisi\u00e8mes sur les six groupes d\u00e9sign\u00e9s.<\/span><\/p>\n<p class=\"p4\"><span class=\"s4\">De ce fait, nombreuses sont les probabilit\u00e9s et les pr\u00e9visions des confrontations pour ces premi\u00e8res 8<sup>es<\/sup> de finale d\u2019une CAN. La CAF, pour sa part, et \u00e0 l\u2019issue du tirage au sort de cette phase finale de la CAN-2019 a de suite rendu public le programme des rencontres jusqu\u2019\u00e0 la finale, et toutes les \u00e9quipes peuvent d\u2019ores et d\u00e9j\u00e0 avoir une id\u00e9e sur leurs probables adversaires au second tour, \u00e0 commencer par les 8<sup>es<\/sup> de finale.<\/span><\/p>\n<p class=\"p4\"><span class=\"s4\">A ce titre, l\u2019adversaire des Verts en 8<sup>es<\/sup> de finale qui, au passage, ne devraient pas avoir trop de mal \u00e0 se sortir de ce groupe C, reste tributaire de son classement dans cette poule C et la meilleure option reste de terminer leader, car cela permettra \u00e0 l\u2019Alg\u00e9rie d\u2019avoir plus de chances de se qualifier en quarts de finale, en affrontant le meilleur troisi\u00e8me du groupe A, B ou F et au regard de la composante de ces trois groupes, une place de leader dans la poule C devrait donner probablement comme adversaire \u00e0 l\u2019Alg\u00e9rie, le B\u00e9nin, l\u2019Ouganda ou Madagascar.<\/span><\/p>\n<p class=\"p4\"><span class=\"s4\">Adversaire du S\u00e9n\u00e9gal dans la poule C, qui est donn\u00e9 non seulement comme l\u2019un des favoris du groupe, mais aussi pour remporter cette CAN, l\u2019Alg\u00e9rie pourrait se qualifier en 8<sup>es<\/sup> de finale en tant que 2<sup>e<\/sup> du groupe. Dans ce cas de figure, les Verts auront comme adversaire en 8<sup>es<\/sup> de finale le 2<sup>e<\/sup> du groupe B, compos\u00e9, pour rappel, du Nigeria, de la Guin\u00e9e, de Madagascar et du Burundi.<\/span><\/p>\n<p class=\"p4\"><span class=\"s4\">Un groupe B qui devrait en principe \u00eatre domin\u00e9 par le Nigeria, juste devant le RD Congo qui terminera probablement 2<sup>e<\/sup> du groupe et serait de ce fait l\u2019adversaire de l\u2019Alg\u00e9rie en 8<sup>es<\/sup> de finale. Dans ce cas de figure, un derby nord-africain en quarts de finale, face aux Lions de l\u2019Atlas, serait des plus probables et peut-\u00eatre m\u00eame un choc face \u00e0 la C\u00f4te d\u2019Ivoire.<\/span><\/p>\n<p class=\"p4\"><span class=\"s4\">C\u2019est dire que pour les cap\u00e9s de Djamel Belmadi, le sc\u00e9nario id\u00e9al serait de terminer leader du groupe C, juste devant le S\u00e9n\u00e9gal, ce qui lui ouvrirait grand la route au moins vers le carr\u00e9 d\u2019as, un stade de la comp\u00e9tition que l\u2019Alg\u00e9rie n\u2019a plus atteint depuis la fameuse demi-finale disput\u00e9e \u00e0 Benguela, lors de la CAN-2010 en Angola, et lourdement perdue (4-0) face \u00e0 l\u2019Egypte, sacr\u00e9e par la suite pour son dernier titre africain.<\/span><\/p>\n<p><span class=\"post-views-label\">Post Views:<\/span> <span class=\"post-views-count\">0<\/span><\/p>\n<p>Auteur: Anis Khecheba<br \/>\n<a href=\"https:\/\/www.elwatan.com\/edition\/sports\/can-2019-quel-adversaire-pour-les-verts-en-8es-de-finale-14-04-2019\">Cliquez ici pour lire l&rsquo;article depuis sa source.<\/a><\/p>\n","protected":false},"excerpt":{"rendered":"<p>On conna\u00eet, depuis vendredi dernier, la composante des six groupes qui animeront la phase finale de la Coupe d\u2019Afrique des nations (CAN-2019), qu\u2019abritera l\u2019Egypte cet \u00e9t\u00e9 (21 juin-19 juillet). Une phase finale qui verra les Verts, inject\u00e9s dans le groupe C, retrouver une troisi\u00e8me fois de suite le S\u00e9n\u00e9gal en phase finale, en compagnie de [&hellip;]<\/p>\n","protected":false},"author":1743,"featured_media":27796,"comment_status":"closed","ping_status":"closed","sticky":false,"template":"","format":"standard","meta":{"fifu_image_url":"","fifu_image_alt":"","footnotes":""},"categories":[73,53],"tags":[],"class_list":["post-27795","post","type-post","status-publish","format-standard","has-post-thumbnail","hentry","category-actualite","category-algerie"],"_links":{"self":[{"href":"https:\/\/linitiative.ca\/International\/wp-json\/wp\/v2\/posts\/27795","targetHints":{"allow":["GET"]}}],"collection":[{"href":"https:\/\/linitiative.ca\/International\/wp-json\/wp\/v2\/posts"}],"about":[{"href":"https:\/\/linitiative.ca\/International\/wp-json\/wp\/v2\/types\/post"}],"author":[{"embeddable":true,"href":"https:\/\/linitiative.ca\/International\/wp-json\/wp\/v2\/users\/1743"}],"replies":[{"embeddable":true,"href":"https:\/\/linitiative.ca\/International\/wp-json\/wp\/v2\/comments?post=27795"}],"version-history":[{"count":0,"href":"https:\/\/linitiative.ca\/International\/wp-json\/wp\/v2\/posts\/27795\/revisions"}],"wp:featuredmedia":[{"embeddable":true,"href":"https:\/\/linitiative.ca\/International\/wp-json\/"}],"wp:attachment":[{"href":"https:\/\/linitiative.ca\/International\/wp-json\/wp\/v2\/media?parent=27795"}],"wp:term":[{"taxonomy":"category","embeddable":true,"href":"https:\/\/linitiative.ca\/International\/wp-json\/wp\/v2\/categories?post=27795"},{"taxonomy":"post_tag","embeddable":true,"href":"https:\/\/linitiative.ca\/International\/wp-json\/wp\/v2\/tags?post=27795"}],"curies":[{"name":"wp","href":"https:\/\/api.w.org\/{rel}","templated":true}]}}