{"id":27801,"date":"2019-04-14T06:00:00","date_gmt":"2019-04-14T10:00:00","guid":{"rendered":"https:\/\/linitiative.ca\/International\/installation-des-cdr-lage-le-23-avril\/"},"modified":"2019-04-14T06:00:00","modified_gmt":"2019-04-14T10:00:00","slug":"installation-des-cdr-lage-le-23-avril","status":"publish","type":"post","link":"https:\/\/linitiative.ca\/International\/installation-des-cdr-lage-le-23-avril\/","title":{"rendered":"Installation des CDR, l&rsquo;AGE le 23 avril"},"content":{"rendered":"<p>Les membres de l&rsquo;assembl\u00e9e g\u00e9n\u00e9rale de la F\u00e9d\u00e9ration alg\u00e9rienne de tir sportif (Fats), convoqu\u00e9s en session extraordinaire hier \u00e0 Alger, ont proc\u00e9d\u00e9 \u00e0 l&rsquo;installation des commissions de candidatures et de recours en vue de l&rsquo;assembl\u00e9e g\u00e9n\u00e9rale extraordinaire \u00e9lective (AGExe), pr\u00e9vue le 23 avril \u00e0 la Maison des F\u00e9d\u00e9rations \u00e0 Dely-Ibrahim (Alger).\u00a0<br \/>Les 29 membres pr\u00e9sents dont 16 pr\u00e9sidents de ligues, ont proc\u00e9d\u00e9 d&rsquo;abord \u00e0 la d\u00e9signation de Le\u00efla Ould-Kablia, pr\u00e9sidente de la commission de candidatures, compos\u00e9e de trois membres, avant de passer \u00e0 la commission de recours, constitu\u00e9e de Djenane Mohamed et Ferat Ahmed. Cette AGEx qui s&rsquo;est d\u00e9roul\u00e9e dans de bonnes conditions a \u00e9t\u00e9 dirig\u00e9e par le secr\u00e9taire g\u00e9n\u00e9ral par int\u00e9rim de la FATS, Abdelkrim Medjhoum, en l&rsquo;absence de repr\u00e9sentants du minist\u00e8re de la Jeunesse et des Sports (MJS). \u00abLa Commission de candidatures commence \u00e0 recevoir les dossiers de candidatures pour le poste de pr\u00e9sident et du bureau f\u00e9d\u00e9ral \u00e0 partir d\u2019aujourd\u2019hui, alors que le dernier d\u00e9lai a \u00e9t\u00e9 fix\u00e9 au 16 avril. La Commission de recours prendra ensuite le relais, soit le 20 avril et l&rsquo;affichage de la liste des candidats est pr\u00e9vu pour dimanche 21 avril. Les \u00e9lections se d\u00e9rouleront le 23 avril\u00bb, a expliqu\u00e9 \u00e0 l&rsquo;APS Abdelkrim Medjhoum. Par ailleurs, certains membres de l&rsquo;assembl\u00e9e ont appel\u00e9 le ministre de la Jeunesse et des Sports, \u00e0 ne pas lever l&rsquo;in\u00e9ligibilit\u00e9 aux anciens membres et pr\u00e9sidents, poursuivis en justice et impliqu\u00e9s dans des affaires de mauvaise de gestion. \u00abNous avons tous les dossiers concernant les personnes impliqu\u00e9es dans des affaires de justice mais ils n&rsquo;ont jamais \u00e9t\u00e9 condamn\u00e9es. Ces personnes sont en train de pr\u00e9parer leurs dossiers pour occuper une nouvelle fois le poste de pr\u00e9sident de la Fats. Nous avons pr\u00e9par\u00e9 une requ\u00eate pour d\u00e9noncer ces gens devant les instances judiciaires comp\u00e9tentes\u00bb, a d\u00e9clar\u00e9 \u00e0 l&rsquo;APS le pr\u00e9sident de la Ligue de Tizi-Ouzou, Tigzirt Kamel. Pour rappel, les membres de la Fats avaient rejet\u00e9 le 27 f\u00e9vrier dernier les bilans moral et financier de l&rsquo;ancien bureau f\u00e9d\u00e9ral, pr\u00e9sid\u00e9 par Ali Hamlat qui a fait face depuis son \u00e9lection en 2017 \u00e0 de nombreux conflits avec les membres de son bureau.<\/p>\n<p>Auteur:<br \/>\n<a href=\"https:\/\/www.lesoirdalgerie.com\/sports\/installation-des-cdr-lage-le-23-avril-22281\">Cliquez ici pour lire l&rsquo;article depuis sa source.<\/a><\/p>\n","protected":false},"excerpt":{"rendered":"<p>Les membres de l&rsquo;assembl\u00e9e g\u00e9n\u00e9rale de la F\u00e9d\u00e9ration alg\u00e9rienne de tir sportif (Fats), convoqu\u00e9s en session extraordinaire hier \u00e0 Alger, ont proc\u00e9d\u00e9 \u00e0 l&rsquo;installation des commissions de candidatures et de recours en vue de l&rsquo;assembl\u00e9e g\u00e9n\u00e9rale extraordinaire \u00e9lective (AGExe), pr\u00e9vue le 23 avril \u00e0 la Maison des F\u00e9d\u00e9rations \u00e0 Dely-Ibrahim (Alger).\u00a0Les 29 membres pr\u00e9sents dont [&hellip;]<\/p>\n","protected":false},"author":1741,"featured_media":0,"comment_status":"closed","ping_status":"closed","sticky":false,"template":"","format":"standard","meta":{"fifu_image_url":"","fifu_image_alt":"","footnotes":""},"categories":[73,53],"tags":[],"class_list":["post-27801","post","type-post","status-publish","format-standard","hentry","category-actualite","category-algerie"],"_links":{"self":[{"href":"https:\/\/linitiative.ca\/International\/wp-json\/wp\/v2\/posts\/27801","targetHints":{"allow":["GET"]}}],"collection":[{"href":"https:\/\/linitiative.ca\/International\/wp-json\/wp\/v2\/posts"}],"about":[{"href":"https:\/\/linitiative.ca\/International\/wp-json\/wp\/v2\/types\/post"}],"author":[{"embeddable":true,"href":"https:\/\/linitiative.ca\/International\/wp-json\/wp\/v2\/users\/1741"}],"replies":[{"embeddable":true,"href":"https:\/\/linitiative.ca\/International\/wp-json\/wp\/v2\/comments?post=27801"}],"version-history":[{"count":0,"href":"https:\/\/linitiative.ca\/International\/wp-json\/wp\/v2\/posts\/27801\/revisions"}],"wp:attachment":[{"href":"https:\/\/linitiative.ca\/International\/wp-json\/wp\/v2\/media?parent=27801"}],"wp:term":[{"taxonomy":"category","embeddable":true,"href":"https:\/\/linitiative.ca\/International\/wp-json\/wp\/v2\/categories?post=27801"},{"taxonomy":"post_tag","embeddable":true,"href":"https:\/\/linitiative.ca\/International\/wp-json\/wp\/v2\/tags?post=27801"}],"curies":[{"name":"wp","href":"https:\/\/api.w.org\/{rel}","templated":true}]}}