{"id":27804,"date":"2019-04-14T06:00:00","date_gmt":"2019-04-14T10:00:00","guid":{"rendered":"https:\/\/linitiative.ca\/International\/bouarifi-rehabilite-lag-elective-samedi-20-avril\/"},"modified":"2019-04-14T06:00:00","modified_gmt":"2019-04-14T10:00:00","slug":"bouarifi-rehabilite-lag-elective-samedi-20-avril","status":"publish","type":"post","link":"https:\/\/linitiative.ca\/International\/bouarifi-rehabilite-lag-elective-samedi-20-avril\/","title":{"rendered":"Bouarifi r\u00e9habilit\u00e9, l\u2019AG \u00e9lective samedi 20 avril"},"content":{"rendered":"<p>La F\u00e9d\u00e9ration alg\u00e9rienne de basket-ball (FABB) a tenu samedi matin, au si\u00e8ge du Comit\u00e9 olympique alg\u00e9rien (COA), son assembl\u00e9e g\u00e9n\u00e9rale extraordinaire (AGEx) sur demande des deux-tiers (2\/3) des membres de l\u2019assembl\u00e9e g\u00e9n\u00e9rale (AG) et sur demande du secr\u00e9taire g\u00e9n\u00e9ral par int\u00e9rim qui a \u00e9voqu\u00e9 l\u2019article 19 des statuts de la FABB que certains pr\u00e9sidents-membres de l\u2019AG, absents, qualifient d\u2019\u00abill\u00e9gale\u00bb.\u00a0<br \/>A l\u2019ordre du jour, la r\u00e9habilitation de Rabah Bouarifi, ancien pr\u00e9sident de la FABB, d\u00e9clar\u00e9 in\u00e9ligible en f\u00e9vrier 2017 par les membres de l\u2019AG, et la d\u00e9signation des membres de la commission de candidatures et de la commission de recours ainsi que la date de l\u2019assembl\u00e9e g\u00e9n\u00e9rale \u00e9lective (AGE) arr\u00eat\u00e9e pour samedi 20 avril. Et en l\u2019absence d\u2019un pr\u00e9sident de la FABB, c\u2019est M. Mustapha Berraf, pr\u00e9sident d\u2019honneur de la FABB, et pr\u00e9sident de l\u2019Association des comit\u00e9s nationaux olympiques d\u2019Afrique (Acnoa) \u00e9galement pr\u00e9sident du COA, qui a \u00e9t\u00e9 invit\u00e9 \u00e0 pr\u00e9sider les travaux de l\u2019AGEx. Apr\u00e8s le vote \u00e0 main lev\u00e9e de la r\u00e9habilitation de M. Bouarifi, accept\u00e9e \u00e0 l\u2019unanimit\u00e9 par les membres pr\u00e9sents (43), deux ex-membres du bureau f\u00e9d\u00e9ral du pr\u00e9sident Ali Slimani, d\u00e9chus le 14 mars dernier, \u00e0 l\u2019issue du rejet des bilans moral et financier par les membres de l\u2019AG, ont demand\u00e9 \u00e9galement leur r\u00e9habilitation. Il s\u2019agit de Noureddine Zoghbi et Mahdi Djerroudi ; chose accept\u00e9e par les membres de l\u2019AG (!) apr\u00e8s des d\u00e9bats sur \u00abla l\u00e9gitimit\u00e9\u00bb de leur demande. Ensuite, il a \u00e9t\u00e9 proc\u00e9d\u00e9 \u00e0 l\u2019installation des membres de la Commission de candidatures pr\u00e9sid\u00e9e par M. Djamel Benalioua, pr\u00e9sident du NAHD, apr\u00e8s la d\u00e9mission de Djamel Chouchou qui avait \u00e9t\u00e9 d\u00e9sign\u00e9 le 14 mars dernier pr\u00e9sident de la commission de candidatures. Les membres de l\u2019AGEx ont \u00e9galement d\u00e9sign\u00e9 les membres de la commission des recours.<\/p>\n<p><strong>Bouarifi : \u00abce n\u2019est que justice !\u00bb<\/strong><br \/>Apr\u00e8s sa r\u00e9habilitation, M. Rabah Bouarifi, d\u00e9clar\u00e9 in\u00e9ligible en f\u00e9vrier 2017, apr\u00e8s le rejet de son bilan moral \u00e0 l\u2019issue de l\u2019assembl\u00e9e g\u00e9n\u00e9rale ordinaire, exprime sa joie en affirmant qu\u2019il vient d\u2019\u00eatre r\u00e9tabli dans ses droits. \u00abCe n\u2019est que justice ce qui s\u2019est pass\u00e9 lors de l\u2019assembl\u00e9e g\u00e9n\u00e9rale extraordinaire. Tout le monde sait comment, moi et mon bureau f\u00e9d\u00e9ral, avions \u00e9t\u00e9 \u00e9ject\u00e9s lors de l\u2019AGO en f\u00e9vrier 2017. Les membres de l\u2019assembl\u00e9e g\u00e9n\u00e9rale, qui ont demand\u00e9 ma r\u00e9habilitation, reconnaissent qu\u2019ils avaient eu des pressions de la part du ministre de la Jeunesse et des Sports de l\u2019\u00e9poque. Ils \u00e9taient contraints de nous donner un carton rouge alors qu\u2019auparavant, mes bilans des trois premi\u00e8res ann\u00e9es avaient \u00e9t\u00e9 adopt\u00e9s. Aujourd\u2019hui, je remercie tous les membres qui ont demand\u00e9 mon retour et je suis tr\u00e8s honor\u00e9\u00bb, nous dira Bouarifi qui compte se porter candidat \u00e0 la pr\u00e9sidence de la FABB. \u00abEffectivement, je serai candidat, mais le dernier mot reviendra aux membres de l\u2019assembl\u00e9e g\u00e9n\u00e9rale qui vont devoir \u00e9lire un nouveau pr\u00e9sident\u00bb, ajoute-t-il. La commission des candidatures a d\u2019ores et d\u00e9j\u00e0 \u00e9t\u00e9 ouverte avec le d\u00e9p\u00f4t de quelques dossiers notamment pour le bureau f\u00e9d\u00e9ral.<br \/>Ah. A.<\/p>\n<p>Auteur:<br \/>\n<a href=\"https:\/\/www.lesoirdalgerie.com\/sports\/bouarifi-rehabilite-lag-elective-samedi-20-avril-22278\">Cliquez ici pour lire l&rsquo;article depuis sa source.<\/a><\/p>\n","protected":false},"excerpt":{"rendered":"<p>La F\u00e9d\u00e9ration alg\u00e9rienne de basket-ball (FABB) a tenu samedi matin, au si\u00e8ge du Comit\u00e9 olympique alg\u00e9rien (COA), son assembl\u00e9e g\u00e9n\u00e9rale extraordinaire (AGEx) sur demande des deux-tiers (2\/3) des membres de l\u2019assembl\u00e9e g\u00e9n\u00e9rale (AG) et sur demande du secr\u00e9taire g\u00e9n\u00e9ral par int\u00e9rim qui a \u00e9voqu\u00e9 l\u2019article 19 des statuts de la FABB que certains pr\u00e9sidents-membres de [&hellip;]<\/p>\n","protected":false},"author":1741,"featured_media":0,"comment_status":"closed","ping_status":"closed","sticky":false,"template":"","format":"standard","meta":{"fifu_image_url":"","fifu_image_alt":"","footnotes":""},"categories":[73,53],"tags":[],"class_list":["post-27804","post","type-post","status-publish","format-standard","hentry","category-actualite","category-algerie"],"_links":{"self":[{"href":"https:\/\/linitiative.ca\/International\/wp-json\/wp\/v2\/posts\/27804","targetHints":{"allow":["GET"]}}],"collection":[{"href":"https:\/\/linitiative.ca\/International\/wp-json\/wp\/v2\/posts"}],"about":[{"href":"https:\/\/linitiative.ca\/International\/wp-json\/wp\/v2\/types\/post"}],"author":[{"embeddable":true,"href":"https:\/\/linitiative.ca\/International\/wp-json\/wp\/v2\/users\/1741"}],"replies":[{"embeddable":true,"href":"https:\/\/linitiative.ca\/International\/wp-json\/wp\/v2\/comments?post=27804"}],"version-history":[{"count":0,"href":"https:\/\/linitiative.ca\/International\/wp-json\/wp\/v2\/posts\/27804\/revisions"}],"wp:attachment":[{"href":"https:\/\/linitiative.ca\/International\/wp-json\/wp\/v2\/media?parent=27804"}],"wp:term":[{"taxonomy":"category","embeddable":true,"href":"https:\/\/linitiative.ca\/International\/wp-json\/wp\/v2\/categories?post=27804"},{"taxonomy":"post_tag","embeddable":true,"href":"https:\/\/linitiative.ca\/International\/wp-json\/wp\/v2\/tags?post=27804"}],"curies":[{"name":"wp","href":"https:\/\/api.w.org\/{rel}","templated":true}]}}