{"id":27829,"date":"2019-04-14T16:14:36","date_gmt":"2019-04-14T20:14:36","guid":{"rendered":"https:\/\/linitiative.ca\/International\/tunisie-tunisair-le-torchon-brule-entre-le-pdg-et-les-pilotes-et-cest-la-compagnie-et-tout-le-pays-qui-trinquent\/"},"modified":"2019-04-14T16:14:36","modified_gmt":"2019-04-14T20:14:36","slug":"tunisie-tunisair-le-torchon-brule-entre-le-pdg-et-les-pilotes-et-cest-la-compagnie-et-tout-le-pays-qui-trinquent","status":"publish","type":"post","link":"https:\/\/linitiative.ca\/International\/tunisie-tunisair-le-torchon-brule-entre-le-pdg-et-les-pilotes-et-cest-la-compagnie-et-tout-le-pays-qui-trinquent\/","title":{"rendered":"Tunisie \u2013 TUNISAIR\u00a0: Le torchon br\u00fble entre le PDG et les pilotes. Et c\u2019est la compagnie et tout le pays qui trinquent"},"content":{"rendered":"<div class=\"post-cont-in left relative\">\n<div class=\"nc_socialPanel swp_flatFresh swp_d_fullColor swp_i_fullColor swp_o_fullColor scale-100 scale-fullWidth\" data-position=\"none\" data-float=\"floatNone\" data-count=\"5\" data-floatcolor=\"#ffffff\" data-emphasize=\"0\">\n<div class=\"nc_tweetContainer totes totesalt\" data-id=\"6\"><span class=\"swp_count\"><span class=\"swp_label\">Partages<\/span> 111<\/span><\/div>\n<\/div>\n<p>La Tunisair a publi\u00e9, hier, en fin de soir\u00e9e, un communiqu\u00e9 pour annoncer des perturbations sur la quasi totalit\u00e9s des vols de la compagnie, pour les 13, 14 et 15 avril courant. La compagnie expliquant ces perturbations par des \u00ab\u00a0mouvements sociaux\u00a0\u00bb impr\u00e9vus et sans pr\u00e9avis, sans plus.<\/p>\n<p>Ce matin, le PDG de la compagnie est mont\u00e9 au cr\u00e9neau, et ne m\u00e2chant pas ses mots, a ni plus ni moins, accus\u00e9 les pilotes de la compagnie de refuser de voler, avant de r\u00e9gler certaines revendications d\u2019ordre mat\u00e9riel. Il a accus\u00e9 les pilotes de revendiquer des int\u00e9r\u00eats mat\u00e9riels et financiers, sans tenir compte de l\u2019\u00e9tat de la compagnie. Il a, m\u00eame, point\u00e9 du doigt, la gravit\u00e9 de leur action, en prenant l\u2019exemple d\u2019un avion qui devait rallier Djerba avec, \u00e0 son bord, des repr\u00e9sentants de Tour Op\u00e9rateurs \u00e9trangers qui devaient signer d\u2019importants contrats pour cette saison.<\/p>\n<div class=\"code-block code-block-1 c3\"><ins class=\"adsbygoogle c2\" data-ad-layout=\"in-article\" data-ad-format=\"fluid\" data-ad-client=\"ca-pub-2102118777505746\" data-ad-slot=\"7301775417\"\/> <\/div>\n<p>Renseignements pris aupr\u00e8s de la direction de la compagnie, il s\u2019est av\u00e9r\u00e9 que les pilotes revendiquaient l\u2019int\u00e9gration de leurs primes dans le salaire de base. Op\u00e9rations qui est quasi impossible que ni la compagnie ne pourrait honorer, ni les caisses sociales, non plus. Et devant le refus d\u2019obtemp\u00e9rer de la direction, les pilotes se seraient mis d\u2019accord, et auraient envoy\u00e9 le m\u00eame jour, pas moins de douze certificats m\u00e9dicaux contrindiquant chez eux le vol. En plus, m\u00eame leurs coll\u00e8gues qui auraient pu d\u00e9bloquer la situation, auraient \u00e9teint leurs t\u00e9l\u00e9phones pour ne pas \u00eatre joignables.<\/p>\n<p>De leur c\u00f4t\u00e9, les pilotes de la Tunisair se sont d\u00e9fendus, cet apr\u00e8s midi, par la voix du secr\u00e9taire g\u00e9n\u00e9ral de leur syndicat, Mohamed Ben Kilani, qui a r\u00e9pliqu\u00e9 que les all\u00e9gations et accusations de la compagnie ne sont pas fond\u00e9es, et que les pilotes n\u2019ont pas protest\u00e9 pour des revendications mat\u00e9rielles, mais pour des raisons de s\u00e9curit\u00e9, pour d\u00e9plorer la fr\u00e9quence croissante de pannes et le nombre important d\u2019appareils clou\u00e9s au sol pour d\u00e9faut d\u2019entretien, \u00e0 cause d\u2019un manque de pi\u00e8ces de rechange, vu que les fournisseurs n\u2019ont pas \u00e9t\u00e9 pay\u00e9s depuis une certaine p\u00e9riode. Ben Kilani a assur\u00e9 que les pilotes n\u2019ont jamais arr\u00eat\u00e9 le travail, et qu\u2019ils sont les premiers \u00e0 se pointer \u00e0 l\u2019a\u00e9roport, et, donc, les premiers \u00e0 souffrir des cons\u00e9quences des retards interminables accus\u00e9s par les vols de Tunisair.<\/p>\n<p>Devant les contradictions des d\u00e9clarations, et loin de donner raison \u00e0 une partie ou une autre, il ne reste plus qu\u2019\u00e0 d\u00e9plorer cette situation qui a d\u2019\u00e9normes chances de s\u2019aggraver et de s\u2019\u00e9terniser, au risque de mettre en p\u00e9ril la saison touristique dont, pourtant, les pr\u00e9mices sont encourageants.<\/p>\n<p>Dans cette mesure, et du moment que la saison touristique est remise en question, \u00e0 cause de ces d\u00e9saccords, et vu l\u2019importance du manque \u00e0 gagner pour le pays en rentr\u00e9es de devises, ce probl\u00e8me de la Tunisair devient, sans avoir peur des mots, une affaire de haute trahison et de complot contre l\u2019Etat et ses int\u00e9r\u00eats. Et dans tous les cas, l\u2019intervention urgente et \u00e9nergique des autorit\u00e9s devient plus qu\u2019urgente\u00a0!<\/p>\n<div class=\"mvp-org-wrap mvp-org-logo\" itemprop=\"publisher\" itemscope=\"\" itemtype=\"https:\/\/schema.org\/Organization\"><img decoding=\"async\" src=\"https:\/\/www.tunisienumerique.com\/wp-content\/uploads\/2017\/02\/logo_tunisie_numerique.png\"\/><\/div>\n<div class=\"nc_socialPanel swp_flatFresh swp_d_fullColor swp_i_fullColor swp_o_fullColor scale-100 scale-fullWidth\" data-position=\"none\" data-float=\"floatNone\" data-count=\"5\" data-floatcolor=\"#ffffff\" data-emphasize=\"0\">\n<div class=\"nc_tweetContainer totes totesalt\" data-id=\"6\"><span class=\"swp_count\"><span class=\"swp_label\">Partages<\/span> 111<\/span><\/div>\n<\/div>\n<div class=\"mvp-related-posts left relative\">\n<h4 class=\"post-header\"><span class=\"post-header\">Lire aussi<\/span><\/h4>\n<\/div>\n<\/div>\n<p>Auteur: Ramsis<br \/>\n<a href=\"https:\/\/www.tunisienumerique.com\/tunisie-tunisair-le-torchon-brule-entre-le-pdg-et-les-pilotes-et-cest-la-compagnie-et-tout-le-pays-qui-trinquent\/\">Cliquez ici pour lire l&rsquo;article depuis sa source.<\/a><\/p>\n","protected":false},"excerpt":{"rendered":"<p>Partages 111 La Tunisair a publi\u00e9, hier, en fin de soir\u00e9e, un communiqu\u00e9 pour annoncer des perturbations sur la quasi totalit\u00e9s des vols de la compagnie, pour les 13, 14 et 15 avril courant. La compagnie expliquant ces perturbations par des \u00ab\u00a0mouvements sociaux\u00a0\u00bb impr\u00e9vus et sans pr\u00e9avis, sans plus. Ce matin, le PDG de la [&hellip;]<\/p>\n","protected":false},"author":1789,"featured_media":27830,"comment_status":"closed","ping_status":"closed","sticky":false,"template":"","format":"standard","meta":{"fifu_image_url":"","fifu_image_alt":"","footnotes":""},"categories":[73,55],"tags":[],"class_list":["post-27829","post","type-post","status-publish","format-standard","has-post-thumbnail","hentry","category-actualite","category-tunisie"],"_links":{"self":[{"href":"https:\/\/linitiative.ca\/International\/wp-json\/wp\/v2\/posts\/27829","targetHints":{"allow":["GET"]}}],"collection":[{"href":"https:\/\/linitiative.ca\/International\/wp-json\/wp\/v2\/posts"}],"about":[{"href":"https:\/\/linitiative.ca\/International\/wp-json\/wp\/v2\/types\/post"}],"author":[{"embeddable":true,"href":"https:\/\/linitiative.ca\/International\/wp-json\/wp\/v2\/users\/1789"}],"replies":[{"embeddable":true,"href":"https:\/\/linitiative.ca\/International\/wp-json\/wp\/v2\/comments?post=27829"}],"version-history":[{"count":0,"href":"https:\/\/linitiative.ca\/International\/wp-json\/wp\/v2\/posts\/27829\/revisions"}],"wp:featuredmedia":[{"embeddable":true,"href":"https:\/\/linitiative.ca\/International\/wp-json\/"}],"wp:attachment":[{"href":"https:\/\/linitiative.ca\/International\/wp-json\/wp\/v2\/media?parent=27829"}],"wp:term":[{"taxonomy":"category","embeddable":true,"href":"https:\/\/linitiative.ca\/International\/wp-json\/wp\/v2\/categories?post=27829"},{"taxonomy":"post_tag","embeddable":true,"href":"https:\/\/linitiative.ca\/International\/wp-json\/wp\/v2\/tags?post=27829"}],"curies":[{"name":"wp","href":"https:\/\/api.w.org\/{rel}","templated":true}]}}