{"id":27837,"date":"2019-04-14T13:18:02","date_gmt":"2019-04-14T17:18:02","guid":{"rendered":"https:\/\/linitiative.ca\/International\/tindouf-la-situation-echappe-au-controle-du-polisario\/"},"modified":"2019-04-14T13:18:02","modified_gmt":"2019-04-14T17:18:02","slug":"tindouf-la-situation-echappe-au-controle-du-polisario","status":"publish","type":"post","link":"https:\/\/linitiative.ca\/International\/tindouf-la-situation-echappe-au-controle-du-polisario\/","title":{"rendered":"Tindouf: La situation \u00e9chappe au contr\u00f4le du polisario"},"content":{"rendered":"<div readability=\"32\">\n<p>Publi\u00e9 le 14.04.2019 \u00e0 18h18 par APA News<\/p>\n<\/div>\n<div readability=\"52\">\n<p>Un calme fragile pr\u00e9vaut dimanche dans l\u2019un des camps contr\u00f4l\u00e9s par le polisario \u00e0 Tindouf (Sud-Ouest alg\u00e9rien), baptis\u00e9 \u00abSmara\u00bb, qui a \u00e9t\u00e9 secou\u00e9 samedi soir, par de violents affrontements entre les membres de deux tribus sahraouies, des accrochages devant lesquels les miliciens du front s\u00e9paratiste sont demeur\u00e9s impuissants.Au moins 15 bless\u00e9s ont \u00e9t\u00e9 d\u00e9nombr\u00e9s et deux tentes ont \u00e9t\u00e9 incendi\u00e9es dans ces affrontements survenus entre les fractions tribales des Oulad Moussa et Ahl Lahcen Ouhmad, parmi lesquels figurent des miliciens du front s\u00e9paratiste. Des dizaines d\u2019autres personnes ont \u00e9t\u00e9 arr\u00eat\u00e9es par la soi-disant police du polisario, qui a eu le plus grand mal \u00e0 calmer les protestataires.<\/p>\n<p>Des vid\u00e9os diffus\u00e9es sur les r\u00e9seaux sociaux montrent des tentes incendi\u00e9es dans le campement appel\u00e9 Al Farsia, alors qu\u2019un incendie a compl\u00e8tement ravag\u00e9 une maison construite en dur.<\/p>\n<p><ins data-revive-zoneid=\"9\" data-revive-id=\"10111e19d28d19d031742ee3b0b33eb0\"\/> <\/p>\n<p>Les miliciens du polisario ont eu le plus grand mal \u00e0 r\u00e9tablir l\u2019ordre, alors que le camp de Rabouni, qui abrite le QG du Polisario, est le th\u00e9\u00e2tre de protestations quasi ininterrompues des Sahraouis contre la restriction des d\u00e9placements impos\u00e9e depuis le 22 f\u00e9vrier.\u00a0<\/p>\n<\/div>\n<p>Auteur: APA News<br \/>\n<a href=\"https:\/\/www.journalducameroun.com\/fr\/tindouf-la-situation-echappe-au-controle-du-polisario\/\">Cliquez ici pour lire l&rsquo;article depuis sa source.<\/a><\/p>\n","protected":false},"excerpt":{"rendered":"<p>Publi\u00e9 le 14.04.2019 \u00e0 18h18 par APA News Un calme fragile pr\u00e9vaut dimanche dans l\u2019un des camps contr\u00f4l\u00e9s par le polisario \u00e0 Tindouf (Sud-Ouest alg\u00e9rien), baptis\u00e9 \u00abSmara\u00bb, qui a \u00e9t\u00e9 secou\u00e9 samedi soir, par de violents affrontements entre les membres de deux tribus sahraouies, des accrochages devant lesquels les miliciens du front s\u00e9paratiste sont demeur\u00e9s [&hellip;]<\/p>\n","protected":false},"author":1965,"featured_media":0,"comment_status":"closed","ping_status":"closed","sticky":false,"template":"","format":"standard","meta":{"fifu_image_url":"","fifu_image_alt":"","footnotes":""},"categories":[73,82],"tags":[],"class_list":["post-27837","post","type-post","status-publish","format-standard","hentry","category-actualite","category-cameroun"],"_links":{"self":[{"href":"https:\/\/linitiative.ca\/International\/wp-json\/wp\/v2\/posts\/27837","targetHints":{"allow":["GET"]}}],"collection":[{"href":"https:\/\/linitiative.ca\/International\/wp-json\/wp\/v2\/posts"}],"about":[{"href":"https:\/\/linitiative.ca\/International\/wp-json\/wp\/v2\/types\/post"}],"author":[{"embeddable":true,"href":"https:\/\/linitiative.ca\/International\/wp-json\/wp\/v2\/users\/1965"}],"replies":[{"embeddable":true,"href":"https:\/\/linitiative.ca\/International\/wp-json\/wp\/v2\/comments?post=27837"}],"version-history":[{"count":0,"href":"https:\/\/linitiative.ca\/International\/wp-json\/wp\/v2\/posts\/27837\/revisions"}],"wp:attachment":[{"href":"https:\/\/linitiative.ca\/International\/wp-json\/wp\/v2\/media?parent=27837"}],"wp:term":[{"taxonomy":"category","embeddable":true,"href":"https:\/\/linitiative.ca\/International\/wp-json\/wp\/v2\/categories?post=27837"},{"taxonomy":"post_tag","embeddable":true,"href":"https:\/\/linitiative.ca\/International\/wp-json\/wp\/v2\/tags?post=27837"}],"curies":[{"name":"wp","href":"https:\/\/api.w.org\/{rel}","templated":true}]}}