{"id":27838,"date":"2019-04-14T13:50:02","date_gmt":"2019-04-14T17:50:02","guid":{"rendered":"https:\/\/linitiative.ca\/International\/le-transfert-de-clandestins-dans-des-villes-sanctuaires-est-une-option-selon-la-maison-blanche\/"},"modified":"2019-04-14T13:50:02","modified_gmt":"2019-04-14T17:50:02","slug":"le-transfert-de-clandestins-dans-des-villes-sanctuaires-est-une-option-selon-la-maison-blanche","status":"publish","type":"post","link":"https:\/\/linitiative.ca\/International\/le-transfert-de-clandestins-dans-des-villes-sanctuaires-est-une-option-selon-la-maison-blanche\/","title":{"rendered":"Le transfert de clandestins dans des \u00ab\u00a0villes sanctuaires\u00a0\u00bb est une \u00ab\u00a0option\u00a0\u00bb, selon la Maison Blanche"},"content":{"rendered":"<div readability=\"32\">\n<p>Publi\u00e9 le 14.04.2019 \u00e0 18h50 par AFP<\/p>\n<\/div>\n<div readability=\"109\">\n<p>La Maison Blanche a confirm\u00e9 dimanche l\u2019\u00e9tude du transfert de clandestins dans des \u00ab\u00a0villes sanctuaires\u00a0\u00bb, apr\u00e8s une salve de tweets de Donald Trump, les d\u00e9mocrates l\u2019accusant de \u00ab\u00a0fabriquer le chaos\u00a0\u00bb, \u00e0 la fronti\u00e8re entre les Etats-Unis et le Mexique.<\/p>\n<p>Les \u00ab\u00a0villes sanctuaires\u00a0\u00bb, comme San Francisco ou Chicago, refusent d\u2019arr\u00eater \u00e0 grande \u00e9chelle les migrants en situation irr\u00e9guli\u00e8re, limitant leur coop\u00e9ration avec les agents f\u00e9d\u00e9raux charg\u00e9s de l\u2019immigration.<\/p>\n<p>\u00ab\u00a0Cette option est sur la table\u00a0\u00bb, a pr\u00e9cis\u00e9 dans une interview \u00e0 la cha\u00eene ABC, Sarah Sanders, porte-parole de la Maison Blanche, interrog\u00e9e sur la possibilit\u00e9 de transf\u00e9rer des immigr\u00e9s ayant travers\u00e9 ill\u00e9galement la fronti\u00e8re mexicaine et arr\u00eat\u00e9s, vers ces villes, souvent dirig\u00e9es par des d\u00e9mocrates.<\/p>\n<p>Le Washington Post avait rapport\u00e9 jeudi, citant un responsable de la Maison Blanche sous couvert d\u2019anonymat, que l\u2019id\u00e9e avait \u00e9t\u00e9 envisag\u00e9e puis \u00ab\u00a0rejet\u00e9e\u00a0\u00bb. Mais Donald Trump lui m\u00eame, dans une salve de tweets vendredi et samedi, a confirm\u00e9 toujours y songer.<\/p>\n<p>Selon la presse am\u00e9ricaine, les autorit\u00e9s de l\u2019immigration ne sont pas favorables \u00e0 ce plan, l\u2019estimant inappropri\u00e9 et questionnant sa l\u00e9galit\u00e9. Mais l\u2019ex-magnat de l\u2019immobilier estime \u00eatre dans son bon droit.<\/p>\n<p>\u00ab\u00a0Les USA ont le droit l\u00e9gal absolu de transf\u00e9rer les immigrants ill\u00e9gaux appr\u00e9hend\u00e9s vers les villes sanctuaires\u00a0\u00bb, a-t-il tweet\u00e9 samedi soir.<\/p>\n<p>Sarah Sanders s\u2019en est pris dimanche aux d\u00e9mocrates, les accusant de ne pas travailler avec le pr\u00e9sident r\u00e9publicain pour changer les lois sur l\u2019immigration.<\/p>\n<p><ins data-revive-zoneid=\"9\" data-revive-id=\"10111e19d28d19d031742ee3b0b33eb0\"\/> <\/p>\n<p>\u00ab\u00a0Les d\u00e9mocrates affirment encore et toujours qu\u2019ils soutiennent des fronti\u00e8res ouvertes, qu\u2019ils supportent les villes sanctuaires. Alors partageons un peu ce fardeau\u00a0\u00bb, a-t-elle poursuivi.<\/p>\n<p>L\u2019opposition a fortement critiqu\u00e9 un plan qui, selon elle, n\u2019est pas l\u00e9gal.<\/p>\n<p>\u00ab\u00a0C\u2019est une nouvelle fois le chaos organis\u00e9 qu\u2019il a cr\u00e9\u00e9 ces deux derni\u00e8res ann\u00e9es \u00e0 la fronti\u00e8re\u00a0\u00bb, a estim\u00e9, sur la cha\u00eene ABC, Bennie Thompson, pr\u00e9sident de la Commission sur la S\u00e9curit\u00e9 int\u00e9rieure \u00e0 la Chambre des repr\u00e9sentants.<\/p>\n<p>Donald Trump a fait de la lutte contre l\u2019immigration ill\u00e9gale son cheval de bataille et a d\u00e9peint les milliers de migrants venus d\u2019Am\u00e9rique centrale ces derniers mois comme une menace \u00e0 la s\u00e9curit\u00e9 nationale, accusant r\u00e9guli\u00e8rement les d\u00e9mocrates de laxisme.<\/p>\n<p>Il a r\u00e9clam\u00e9, en vain jusqu\u2019ici en l\u2019absence d\u2019accord au Congr\u00e8s, une refonte profonde des lois sur l\u2019immigration, jugeant que les textes en vigueur aux Etats-Unis faisaient partie \u00ab\u00a0des plus stupides au monde\u00a0\u00bb.<\/p>\n<p>La porte-parole de M. Trump a toutefois assur\u00e9 dimanche que l\u2019option du transfert de clandestins vers les villes sanctuaires n\u2019\u00e9tait pas \u00ab\u00a0le premier choix\u00a0\u00bb.<\/p>\n<\/div>\n<p>Auteur: AFP<br \/>\n<a href=\"https:\/\/www.journalducameroun.com\/fr\/le-transfert-de-clandestins-dans-des-villes-sanctuaires-est-une-option-selon-la-maison-blanche\/\">Cliquez ici pour lire l&rsquo;article depuis sa source.<\/a><\/p>\n","protected":false},"excerpt":{"rendered":"<p>Publi\u00e9 le 14.04.2019 \u00e0 18h50 par AFP La Maison Blanche a confirm\u00e9 dimanche l\u2019\u00e9tude du transfert de clandestins dans des \u00ab\u00a0villes sanctuaires\u00a0\u00bb, apr\u00e8s une salve de tweets de Donald Trump, les d\u00e9mocrates l\u2019accusant de \u00ab\u00a0fabriquer le chaos\u00a0\u00bb, \u00e0 la fronti\u00e8re entre les Etats-Unis et le Mexique. Les \u00ab\u00a0villes sanctuaires\u00a0\u00bb, comme San Francisco ou Chicago, refusent [&hellip;]<\/p>\n","protected":false},"author":1965,"featured_media":0,"comment_status":"closed","ping_status":"closed","sticky":false,"template":"","format":"standard","meta":{"fifu_image_url":"","fifu_image_alt":"","footnotes":""},"categories":[73,82],"tags":[],"class_list":["post-27838","post","type-post","status-publish","format-standard","hentry","category-actualite","category-cameroun"],"_links":{"self":[{"href":"https:\/\/linitiative.ca\/International\/wp-json\/wp\/v2\/posts\/27838","targetHints":{"allow":["GET"]}}],"collection":[{"href":"https:\/\/linitiative.ca\/International\/wp-json\/wp\/v2\/posts"}],"about":[{"href":"https:\/\/linitiative.ca\/International\/wp-json\/wp\/v2\/types\/post"}],"author":[{"embeddable":true,"href":"https:\/\/linitiative.ca\/International\/wp-json\/wp\/v2\/users\/1965"}],"replies":[{"embeddable":true,"href":"https:\/\/linitiative.ca\/International\/wp-json\/wp\/v2\/comments?post=27838"}],"version-history":[{"count":0,"href":"https:\/\/linitiative.ca\/International\/wp-json\/wp\/v2\/posts\/27838\/revisions"}],"wp:attachment":[{"href":"https:\/\/linitiative.ca\/International\/wp-json\/wp\/v2\/media?parent=27838"}],"wp:term":[{"taxonomy":"category","embeddable":true,"href":"https:\/\/linitiative.ca\/International\/wp-json\/wp\/v2\/categories?post=27838"},{"taxonomy":"post_tag","embeddable":true,"href":"https:\/\/linitiative.ca\/International\/wp-json\/wp\/v2\/tags?post=27838"}],"curies":[{"name":"wp","href":"https:\/\/api.w.org\/{rel}","templated":true}]}}