{"id":27839,"date":"2019-04-14T14:18:03","date_gmt":"2019-04-14T18:18:03","guid":{"rendered":"https:\/\/linitiative.ca\/International\/la-federation-marocaine-de-football-prend-en-charge-les-frais-dhospitalisation-du-gardien-senegalais-khadim-ndiaye\/"},"modified":"2019-04-14T14:18:03","modified_gmt":"2019-04-14T18:18:03","slug":"la-federation-marocaine-de-football-prend-en-charge-les-frais-dhospitalisation-du-gardien-senegalais-khadim-ndiaye","status":"publish","type":"post","link":"https:\/\/linitiative.ca\/International\/la-federation-marocaine-de-football-prend-en-charge-les-frais-dhospitalisation-du-gardien-senegalais-khadim-ndiaye\/","title":{"rendered":"La F\u00e9d\u00e9ration marocaine de football prend en charge les frais d\u2019hospitalisation du gardien s\u00e9n\u00e9galais Khadim N\u2019Diaye"},"content":{"rendered":"<div readability=\"32\">\n<p>Publi\u00e9 le 14.04.2019 \u00e0 19h18 par APA News<\/p>\n<\/div>\n<div readability=\"45\">\n<p>La F\u00e9d\u00e9ration Royale Marocaine de Football (FRMF) a pris en charge les frais d\u2019hospitalisation et de l\u2019op\u00e9ration chirurgicale du gardien du Horoya et de la s\u00e9lection s\u00e9n\u00e9galaise, Khadim N\u2019Diaye, gravement bless\u00e9 samedi soir \u00e0 Rabat lors du match opposant le Wydad de Casablanca au club guin\u00e9en Horoya.Khadim N\u2019diaye a \u00e9t\u00e9 transport\u00e9 d\u2019urgence \u00e0 l\u2019h\u00f4pital Cheikh Zayd de Rabat, hier, pour y subir une intervention chirurgicale. . Il souffre d\u2019une fracture tibia-p\u00e9ron\u00e9 suite \u00e0 un choc terrible avec un d\u00e9fenseur guin\u00e9en.<\/p>\n<p>Le pr\u00e9sident de la FRMF,\u00a0Fouzi Lekjaa, a appel\u00e9 les m\u00e9decins de l\u2019\u00e9tablissement pour en savoir plus sur son \u00e9tat de sant\u00e9 et sa dur\u00e9e d\u2019indisponibilit\u00e9. Des membres f\u00e9d\u00e9raux ont ensuite visit\u00e9 N\u2019Diaye \u00e0 l\u2019h\u00f4pital.<\/p>\n<p><ins data-revive-zoneid=\"9\" data-revive-id=\"10111e19d28d19d031742ee3b0b33eb0\"\/> <\/div>\n<p>Auteur: APA News<br \/>\n<a href=\"https:\/\/www.journalducameroun.com\/fr\/la-federation-marocaine-de-football-prend-en-charge-les-frais-dhospitalisation-du-gardien-senegalais-khadim-ndiaye\/\">Cliquez ici pour lire l&rsquo;article depuis sa source.<\/a><\/p>\n","protected":false},"excerpt":{"rendered":"<p>Publi\u00e9 le 14.04.2019 \u00e0 19h18 par APA News La F\u00e9d\u00e9ration Royale Marocaine de Football (FRMF) a pris en charge les frais d\u2019hospitalisation et de l\u2019op\u00e9ration chirurgicale du gardien du Horoya et de la s\u00e9lection s\u00e9n\u00e9galaise, Khadim N\u2019Diaye, gravement bless\u00e9 samedi soir \u00e0 Rabat lors du match opposant le Wydad de Casablanca au club guin\u00e9en Horoya.Khadim [&hellip;]<\/p>\n","protected":false},"author":1965,"featured_media":0,"comment_status":"closed","ping_status":"closed","sticky":false,"template":"","format":"standard","meta":{"fifu_image_url":"","fifu_image_alt":"","footnotes":""},"categories":[73,82],"tags":[],"class_list":["post-27839","post","type-post","status-publish","format-standard","hentry","category-actualite","category-cameroun"],"_links":{"self":[{"href":"https:\/\/linitiative.ca\/International\/wp-json\/wp\/v2\/posts\/27839","targetHints":{"allow":["GET"]}}],"collection":[{"href":"https:\/\/linitiative.ca\/International\/wp-json\/wp\/v2\/posts"}],"about":[{"href":"https:\/\/linitiative.ca\/International\/wp-json\/wp\/v2\/types\/post"}],"author":[{"embeddable":true,"href":"https:\/\/linitiative.ca\/International\/wp-json\/wp\/v2\/users\/1965"}],"replies":[{"embeddable":true,"href":"https:\/\/linitiative.ca\/International\/wp-json\/wp\/v2\/comments?post=27839"}],"version-history":[{"count":0,"href":"https:\/\/linitiative.ca\/International\/wp-json\/wp\/v2\/posts\/27839\/revisions"}],"wp:attachment":[{"href":"https:\/\/linitiative.ca\/International\/wp-json\/wp\/v2\/media?parent=27839"}],"wp:term":[{"taxonomy":"category","embeddable":true,"href":"https:\/\/linitiative.ca\/International\/wp-json\/wp\/v2\/categories?post=27839"},{"taxonomy":"post_tag","embeddable":true,"href":"https:\/\/linitiative.ca\/International\/wp-json\/wp\/v2\/tags?post=27839"}],"curies":[{"name":"wp","href":"https:\/\/api.w.org\/{rel}","templated":true}]}}