{"id":27843,"date":"2019-04-14T16:50:01","date_gmt":"2019-04-14T20:50:01","guid":{"rendered":"https:\/\/linitiative.ca\/International\/golf-la-carriere-de-tiger-woods-en-dates\/"},"modified":"2019-04-14T16:50:01","modified_gmt":"2019-04-14T20:50:01","slug":"golf-la-carriere-de-tiger-woods-en-dates","status":"publish","type":"post","link":"https:\/\/linitiative.ca\/International\/golf-la-carriere-de-tiger-woods-en-dates\/","title":{"rendered":"Golf: la carri\u00e8re de Tiger Woods en dates"},"content":{"rendered":"<div readability=\"32\">\n<p>Publi\u00e9 le 14.04.2019 \u00e0 21h50 par AFP<\/p>\n<\/div>\n<div readability=\"125\">\n<p>Les principales dates de la carri\u00e8re de Tiger Woods, apr\u00e8s sa victoire dimanche au Masters d\u2019Augusta de golf, le 15e titre de sa carri\u00e8re en Grand Chelem, apr\u00e8s 11 ann\u00e9es de disette dans les tournois majeurs:<\/p>\n<p>. ao\u00fbt 1996: devient professionnel \u00e0 20 ans et termine sa premi\u00e8re saison avec deux titres PGA et le troph\u00e9e de \u00ab\u00a0rookie de l\u2019ann\u00e9e\u00a0\u00bb, meilleur d\u00e9butant.<\/p>\n<p>. 13 avril 1997: remporte le Masters d\u2019Augusta, son premier titre du Grand Chelem, \u00e0 21 ans, un record de pr\u00e9cocit\u00e9 pour un vainqueur de l\u2019\u00e9preuve. Deux mois plus tard, il devient N.1 mondial pour la premi\u00e8re fois.<\/p>\n<p>. 18 juin 2000: remporte l\u2019US Open avec quinze coups d\u2019avance sur son premier poursuivant, un record, et boucle le mois suivant le Grand Chelem en s\u2019adjugeant le British Open, le seul rendez-vous majeur qui manquait encore \u00e0 son palmar\u00e8s.<\/p>\n<p>. septembre 2004: est d\u00e9log\u00e9 de la premi\u00e8re place mondiale par le Fidjien Vijay Singh apr\u00e8s 264 semaines cons\u00e9cutives au sommet du classement.<\/p>\n<p>. 3 mai 2006: d\u00e9c\u00e8s de son p\u00e8re et mentor, Earl, \u00e0 l\u2019\u00e2ge de 74 ans, ce qui ne l\u2019emp\u00eache pas un mois plus tard de remporter le British Open pour la troisi\u00e8me fois, son 11e titre du Grand Chelem.<\/p>\n<p>. 16 juin 2008: bat son compatriote Rocco Mediate en barrages pour s\u2019adjuger l\u2019US Open 2008, son 14e et dernier titre du Grand Chelem jusqu\u2019\u00e0 ce dimanche. Il s\u2019impose en \u00e9tant bless\u00e9 \u00e0 un genou et doit \u00eatre op\u00e9r\u00e9 dans la foul\u00e9e, avant de mettre fin \u00e0 sa saison.<\/p>\n<p>. novembre 2009: dans l\u2019oeil du cyclone apr\u00e8s les r\u00e9v\u00e9lations sur ses infid\u00e9lit\u00e9s et son accident de voiture provoqu\u00e9 par sa future ex-femme qui le pourchassait avec un club de golf. D\u00e9cide de faire une pause pour une dur\u00e9e ind\u00e9termin\u00e9e pour \u00ab\u00a0remettre de l\u2019ordre dans sa vie\u00a0\u00bb.<\/p>\n<p>. mars 2013: repasse \u00e0 la premi\u00e8re place mondiale apr\u00e8s sa 8e victoire dans le Arnold Palmer Invitational, l\u2019un de ses six titres de l\u2019ann\u00e9e.<\/p>\n<p><ins data-revive-zoneid=\"9\" data-revive-id=\"10111e19d28d19d031742ee3b0b33eb0\"\/> <\/p>\n<p>. 4 ao\u00fbt 2013: remporte le Bridgestone Invitational, avec sept coups d\u2019avance, son 79e titre PGA, ce qui en fait le deuxi\u00e8me joueur le plus titr\u00e9 de l\u2019histoire \u00e0 trois longueurs de son compatriote Sam Snead (82).<\/p>\n<p>. mars 2014: se blesse durant le Honda Classic et se fait op\u00e9rer du dos pour la premi\u00e8re fois.<\/p>\n<p>. avril 2017: quatri\u00e8me op\u00e9ration du dos, puis un mois plus tard, est arr\u00eat\u00e9 endormi au volant sous l\u2019influence de m\u00e9dicaments et d\u2019antid\u00e9presseurs. Alors qu\u2019il n\u2019a disput\u00e9 que quatre \u00e9preuves en 2016 et 2017, il sombre au-del\u00e0 de la 1100e place au classement mondial.<\/p>\n<p>. 12 ao\u00fbt 2018: termine 2e du Championnat PGA, son meilleur r\u00e9sultat dans un tournoi du Grand Chelem depuis 2009. En juillet, il \u00e9tait pass\u00e9 bri\u00e8vement en t\u00eate du British Open lors du 4e tour, avant de finir 6e. Alors qu\u2019il avait d\u00e9but\u00e9 2018 \u00e0 la 656e place mondiale, il remonte en septembre au 21e rang, son meilleur classement depuis 2013.<\/p>\n<p>. 4 septembre 2018: s\u00e9lectionn\u00e9 pour la premi\u00e8re fois depuis 2012 pour la Ryder Cup. Mais l\u2019exp\u00e9rience tournera au calvaire fin septembre en France avec quatre d\u00e9faites en quatre matches qui plombent les Etats-Unis, surclass\u00e9s par l\u2019Europe.<\/p>\n<p>. 23 septembre 2018: remporte le Tour Championship, son premier succ\u00e8s sur le circuit PGA depuis ao\u00fbt 2013, le 80e de sa carri\u00e8re, \u00e0 deux longueurs du record de son compatriote Sam Snead.<\/p>\n<p>. 14 avril 2019: remporte le Masters d\u2019Augusta, 22 ans apr\u00e8s son premier succ\u00e8s en Grand Chelem et onze ans apr\u00e8s sa derni\u00e8re victoire dans un tournoi majeur. Avec ce 15e titre en Grand Chelem \u2013 le 81e sur le circuit PGA -, il se rapproche du record de Jack Nicklaus et ses 18 titres du Grand Chelem.<\/p>\n<\/div>\n<p>Auteur: AFP<br \/>\n<a href=\"https:\/\/www.journalducameroun.com\/fr\/golf-la-carriere-de-tiger-woods-en-dates\/\">Cliquez ici pour lire l&rsquo;article depuis sa source.<\/a><\/p>\n","protected":false},"excerpt":{"rendered":"<p>Publi\u00e9 le 14.04.2019 \u00e0 21h50 par AFP Les principales dates de la carri\u00e8re de Tiger Woods, apr\u00e8s sa victoire dimanche au Masters d\u2019Augusta de golf, le 15e titre de sa carri\u00e8re en Grand Chelem, apr\u00e8s 11 ann\u00e9es de disette dans les tournois majeurs: . ao\u00fbt 1996: devient professionnel \u00e0 20 ans et termine sa premi\u00e8re [&hellip;]<\/p>\n","protected":false},"author":1965,"featured_media":0,"comment_status":"closed","ping_status":"closed","sticky":false,"template":"","format":"standard","meta":{"fifu_image_url":"","fifu_image_alt":"","footnotes":""},"categories":[73,82],"tags":[],"class_list":["post-27843","post","type-post","status-publish","format-standard","hentry","category-actualite","category-cameroun"],"_links":{"self":[{"href":"https:\/\/linitiative.ca\/International\/wp-json\/wp\/v2\/posts\/27843","targetHints":{"allow":["GET"]}}],"collection":[{"href":"https:\/\/linitiative.ca\/International\/wp-json\/wp\/v2\/posts"}],"about":[{"href":"https:\/\/linitiative.ca\/International\/wp-json\/wp\/v2\/types\/post"}],"author":[{"embeddable":true,"href":"https:\/\/linitiative.ca\/International\/wp-json\/wp\/v2\/users\/1965"}],"replies":[{"embeddable":true,"href":"https:\/\/linitiative.ca\/International\/wp-json\/wp\/v2\/comments?post=27843"}],"version-history":[{"count":0,"href":"https:\/\/linitiative.ca\/International\/wp-json\/wp\/v2\/posts\/27843\/revisions"}],"wp:attachment":[{"href":"https:\/\/linitiative.ca\/International\/wp-json\/wp\/v2\/media?parent=27843"}],"wp:term":[{"taxonomy":"category","embeddable":true,"href":"https:\/\/linitiative.ca\/International\/wp-json\/wp\/v2\/categories?post=27843"},{"taxonomy":"post_tag","embeddable":true,"href":"https:\/\/linitiative.ca\/International\/wp-json\/wp\/v2\/tags?post=27843"}],"curies":[{"name":"wp","href":"https:\/\/api.w.org\/{rel}","templated":true}]}}