{"id":27844,"date":"2019-04-14T16:50:03","date_gmt":"2019-04-14T20:50:03","guid":{"rendered":"https:\/\/linitiative.ca\/International\/trump-accuse-dincitation-a-la-violence-contre-une-elue-musulmane\/"},"modified":"2019-04-14T16:50:03","modified_gmt":"2019-04-14T20:50:03","slug":"trump-accuse-dincitation-a-la-violence-contre-une-elue-musulmane","status":"publish","type":"post","link":"https:\/\/linitiative.ca\/International\/trump-accuse-dincitation-a-la-violence-contre-une-elue-musulmane\/","title":{"rendered":"Trump accus\u00e9 d\u2019incitation \u00e0 la violence contre une \u00e9lue musulmane"},"content":{"rendered":"<div readability=\"32\">\n<p>Publi\u00e9 le 14.04.2019 \u00e0 21h50 par AFP<\/p>\n<\/div>\n<div readability=\"128\">\n<p>Les \u00e9lus d\u00e9mocrates ne d\u00e9col\u00e9raient pas dimanche contre le pr\u00e9sident am\u00e9ricain, l\u2019accusant \u00ab\u00a0d\u2019inciter \u00e0 la violence\u00a0\u00bb contre une \u00e9lue musulmane du Congr\u00e8s, apr\u00e8s son tweet associant des propos d\u2019Ilhan Omar aux images des attentats du 11-Septembre.<\/p>\n<p>Face \u00e0 la pol\u00e9mique, la Maison Blanche a assur\u00e9 que Donald Trump n\u2019essayait \u00ab\u00a0pas d\u2019inciter \u00e0 la violence\u00a0\u00bb.<\/p>\n<p>La pr\u00e9sidente d\u00e9mocrate de la Chambre des repr\u00e9sentants a demand\u00e9 \u00e0 la police du Capitole un renforcement de la s\u00e9curit\u00e9 d\u2019Ilhan Omar, celle de sa famille et de son \u00e9quipe, indiquant que les forces de l\u2019ordre continueraient \u00e0 \u00ab\u00a0surveiller et r\u00e9pondre aux menaces auxquelles elle fait face\u00a0\u00bb.<\/p>\n<p>\u00ab\u00a0Les mots du pr\u00e9sident p\u00e8sent \u00e9norm\u00e9ment et sa rh\u00e9torique haineuse et incendiaire cr\u00e9e un v\u00e9ritable danger\u00a0\u00bb, a tonn\u00e9 Nancy Pelosi dimanche, dans un communiqu\u00e9, exhortant le pr\u00e9sident \u00e0 \u00ab\u00a0retirer sa vid\u00e9o dangereuse et irrespectueuse\u00a0\u00bb.<\/p>\n<p>Donald Trump avait publi\u00e9 vendredi sur Twitter une vid\u00e9o associant des propos tenus par Ilhan Omar, l\u2019une des deux premi\u00e8res femmes musulmanes \u00e9lues au Congr\u00e8s, aux images des tours jumelles de New York en feu.<\/p>\n<p>S\u2019exprimant en mars dernier devant le Conseil des relations am\u00e9ricano-islamiques (CAIR), la repr\u00e9sentante du Minnesota \u00e0 la Chambre basse avait alors estim\u00e9 que l\u2019organisation avait \u00e9t\u00e9 fond\u00e9e apr\u00e8s les attentats du 11-Septembre \u00ab\u00a0parce qu\u2019ils reconnaissaient que certaines personnes avaient fait quelque chose et que chacun d\u2019entre nous commen\u00e7ait (de ce fait) \u00e0 perdre acc\u00e8s \u00e0 nos libert\u00e9s citoyennes\u00a0\u00bb.<\/p>\n<p>Des conservateurs ont accus\u00e9 Ilhan Omar de minimiser, par sa formulation, l\u2019attaque la plus meurtri\u00e8re sur le sol am\u00e9ricain.<\/p>\n<p>La vid\u00e9o post\u00e9e par le pr\u00e9sident r\u00e9publicain et visionn\u00e9e plus de 9 millions de fois dimanche, a suscit\u00e9 un torrent de r\u00e9probations du c\u00f4t\u00e9 d\u00e9mocrate.<\/p>\n<p>\u2013 \u00ab\u00a0Rappeler \u00e0 l\u2019ordre\u00a0\u00bb \u2013<\/p>\n<p>\u00ab\u00a0Le pr\u00e9sident incite \u00e0 la violence contre une membre du Congr\u00e8s en exercice- et un groupe entier d\u2019Am\u00e9ricains en fonction de leur religion. C\u2019est r\u00e9pugnant. C\u2019est scandaleux\u00a0\u00bb, a par exemple tweet\u00e9 la s\u00e9natrice candidate \u00e0 l\u2019\u00e9lection pr\u00e9sidentielle, Elizabeth Warren.<\/p>\n<p><ins data-revive-zoneid=\"9\" data-revive-id=\"10111e19d28d19d031742ee3b0b33eb0\"\/> <\/p>\n<p>\u00ab\u00a0La vie d\u2019@IlhanMN est en danger\u00a0\u00bb, a aussi r\u00e9agi la jeune \u00e9lue de la Chambre des repr\u00e9sentants Alexandria Ocasio-Cortez.<\/p>\n<p>La Maison Blanche a fermement d\u00e9fendu le pr\u00e9sident am\u00e9ricain dimanche.<\/p>\n<p>Donald Trump \u00ab\u00a0n\u2019essaie pas d\u2019inciter \u00e0 la violence contre quiconque\u00a0\u00bb, a justifi\u00e9 sa porte-parole Sarah Sanders, sur la cha\u00eene Fox News.<\/p>\n<p>\u00ab\u00a0Le pr\u00e9sident ne souhaite assur\u00e9ment aucun mal ni aucune violence contre personne, mais (il) doit absolument rappeler \u00e0 l\u2019ordre la membre du Congr\u00e8s pour, non pas un seul, mais de nombreux commentaires antis\u00e9mites\u00a0\u00bb, a-t-elle dit sur ABC.<\/p>\n<p>Sarah Sanders semblait faire ici r\u00e9f\u00e9rence \u00e0 une autre pol\u00e9mique impliquant Ilhan Omar apr\u00e8s de r\u00e9cents commentaires sur Isra\u00ebl jug\u00e9s antis\u00e9mites par de nombreux \u00e9lus, y compris dans le camp d\u00e9mocrate.<\/p>\n<p>Elle avait sous-entendu que des \u00e9lus am\u00e9ricains soutenaient Isra\u00ebl par int\u00e9r\u00eat financier. Elle s\u2019\u00e9tait ensuite excus\u00e9e publiquement.<\/p>\n<p>\u00ab\u00a0Merci de vous tenir \u00e0 mes c\u00f4t\u00e9s \u2013 contre une administration qui cherche \u00e0 bannir les musulmans de notre pays \u2013 dans le combat pour l\u2019Am\u00e9rique que nous m\u00e9ritons\u00a0\u00bb, a r\u00e9agi sur Twitter Ilhan Omar, r\u00e9fugi\u00e9e somalienne, \u00e0 la suite de la vid\u00e9o post\u00e9e par le pr\u00e9sident r\u00e9publicain.<\/p>\n<p>\u00ab\u00a0Personne \u2013 peu importe \u00e0 quel point il est corrompu, incomp\u00e9tent ou vicieux \u2013 ne peut menacer mon amour inconditionnel pour l\u2019Am\u00e9rique\u00a0\u00bb, a \u00e9galement tweet\u00e9 la femme de 37 ans.<\/p>\n<p>CAIR a \u00e9t\u00e9 fond\u00e9e en 1994 et non apr\u00e8s les attaques du 11 septembre 2001 comme indiqu\u00e9 par Ilhan Omar. Cit\u00e9 par le Washington Post, son porte-parole explique qu\u2019elle s\u2019est mal exprim\u00e9e et voulait dire que l\u2019organisation avait vu ses effectifs doubler apr\u00e8s le 11-Septembre.<\/p>\n<\/div>\n<p>Auteur: AFP<br \/>\n<a href=\"https:\/\/www.journalducameroun.com\/fr\/trump-accuse-dincitation-a-la-violence-contre-une-elue-musulmane\/\">Cliquez ici pour lire l&rsquo;article depuis sa source.<\/a><\/p>\n","protected":false},"excerpt":{"rendered":"<p>Publi\u00e9 le 14.04.2019 \u00e0 21h50 par AFP Les \u00e9lus d\u00e9mocrates ne d\u00e9col\u00e9raient pas dimanche contre le pr\u00e9sident am\u00e9ricain, l\u2019accusant \u00ab\u00a0d\u2019inciter \u00e0 la violence\u00a0\u00bb contre une \u00e9lue musulmane du Congr\u00e8s, apr\u00e8s son tweet associant des propos d\u2019Ilhan Omar aux images des attentats du 11-Septembre. Face \u00e0 la pol\u00e9mique, la Maison Blanche a assur\u00e9 que Donald Trump [&hellip;]<\/p>\n","protected":false},"author":1965,"featured_media":0,"comment_status":"closed","ping_status":"closed","sticky":false,"template":"","format":"standard","meta":{"fifu_image_url":"","fifu_image_alt":"","footnotes":""},"categories":[73,82],"tags":[],"class_list":["post-27844","post","type-post","status-publish","format-standard","hentry","category-actualite","category-cameroun"],"_links":{"self":[{"href":"https:\/\/linitiative.ca\/International\/wp-json\/wp\/v2\/posts\/27844","targetHints":{"allow":["GET"]}}],"collection":[{"href":"https:\/\/linitiative.ca\/International\/wp-json\/wp\/v2\/posts"}],"about":[{"href":"https:\/\/linitiative.ca\/International\/wp-json\/wp\/v2\/types\/post"}],"author":[{"embeddable":true,"href":"https:\/\/linitiative.ca\/International\/wp-json\/wp\/v2\/users\/1965"}],"replies":[{"embeddable":true,"href":"https:\/\/linitiative.ca\/International\/wp-json\/wp\/v2\/comments?post=27844"}],"version-history":[{"count":0,"href":"https:\/\/linitiative.ca\/International\/wp-json\/wp\/v2\/posts\/27844\/revisions"}],"wp:attachment":[{"href":"https:\/\/linitiative.ca\/International\/wp-json\/wp\/v2\/media?parent=27844"}],"wp:term":[{"taxonomy":"category","embeddable":true,"href":"https:\/\/linitiative.ca\/International\/wp-json\/wp\/v2\/categories?post=27844"},{"taxonomy":"post_tag","embeddable":true,"href":"https:\/\/linitiative.ca\/International\/wp-json\/wp\/v2\/tags?post=27844"}],"curies":[{"name":"wp","href":"https:\/\/api.w.org\/{rel}","templated":true}]}}