{"id":27863,"date":"2019-04-15T04:35:06","date_gmt":"2019-04-15T08:35:06","guid":{"rendered":"https:\/\/linitiative.ca\/International\/de-tindouf-a-laayoune-la-route-de-la-dignite-le-documentaire-choc-de-medi1-tv\/"},"modified":"2019-04-15T04:35:06","modified_gmt":"2019-04-15T08:35:06","slug":"de-tindouf-a-laayoune-la-route-de-la-dignite-le-documentaire-choc-de-medi1-tv","status":"publish","type":"post","link":"https:\/\/linitiative.ca\/International\/de-tindouf-a-laayoune-la-route-de-la-dignite-le-documentaire-choc-de-medi1-tv\/","title":{"rendered":"\u00abDe Tindouf \u00e0 La\u00e2youne, la route de la dignit\u00e9\u00bb : Le documentaire choc de M\u00e9di1 TV"},"content":{"rendered":"<p><img decoding=\"async\" class=\"post_layout_5_img\" src=\"http:\/\/aujourdhui.ma\/wp-content\/uploads\/2019\/04\/film-documentaire-De-Tindouf-%C3%A0-La%C3%A2youne.jpg?x29840\" alt=\"\u00abDe Tindouf \u00e0 La\u00e2youne, la route de la dignit\u00e9\u00bb : Le documentaire choc de M\u00e9di1 TV\"\/><\/p>\n<p>La cha\u00eene de t\u00e9l\u00e9 Medi1 TV continue d\u2019impressionner ses t\u00e9l\u00e9spectateurs par des enqu\u00eates chocs dont \u00abDe Tindouf \u00e0 La\u00e2youne, la route de la dignit\u00e9\u00bb qui d\u00e9nonce, preuves \u00e0 l\u2019appui<span id=\"more-309192\"\/>, les exactions commises par le Polisario avec le soutien de l\u2019Alg\u00e9rie, tout en montrant le calvaire des Sahraouis dans les camps de Tindouf. D\u2019une dur\u00e9e de plus d\u2019une heure, ce film documentaire a \u00e9t\u00e9 projet\u00e9, vendredi 12 avril, en avant-premi\u00e8re, \u00e0 Tanger, au profit de la presse et en pr\u00e9sence des responsables et de l\u2019\u00e9quipe de cette enqu\u00eate. \u00abCette enqu\u00eate est un plaidoyer m\u00e9diatique en faveur de la cause nationale\u00bb, a indiqu\u00e9 le directeur central des r\u00e9dactions de Medi1 TV, Omar Dahbi, qui avait \u00e9t\u00e9 \u00e0 l\u2019origine de l\u2019id\u00e9e du documentaire.<\/p>\n<p>Pour le respect de la neutralit\u00e9 dans la r\u00e9alisation de cette enqu\u00eate et avoir l\u2019acc\u00e8s un peu facile aux camps de Tindouf, le choix a \u00e9t\u00e9 port\u00e9, selon l\u2019intervenant, sur Patricia Madjidi Juez, une journaliste espagnole d\u2019origine basque, qui ne connaissait pas, \u00e0 cause de la propagande men\u00e9e par le Polisario, grand-chose de la question du Sahara marocain et n\u2019avait jamais \u00e9crit sur ce dossier. En raison de la sensibilit\u00e9 de ce sujet, \u00abnous avons travaill\u00e9 dans un silence complet pour la r\u00e9alisation de cette enqu\u00eate\u00bb, a soulign\u00e9 M. Dahbi.<\/p>\n<p>R\u00e9alis\u00e9 par Yassine Benatia, \u00abDe Tindouf \u00e0 La\u00e2youne, la route de la dignit\u00e9\u00bb a permis \u00e0 Patricia Madjidi Juez de passer cinq jours \u00e0 Tindouf et autant dans les provinces du Sud pour mieux comprendre les diff\u00e9rences dans les conditions de vie dans les deux c\u00f4t\u00e9s. Elle a ainsi r\u00e9ussi \u00e0 montrer les souffrances des r\u00e9fugi\u00e9s sahraouis abandonn\u00e9s \u00e0 leur sort dans le sud-ouest alg\u00e9rien. V\u00eatue de Melhfa, la journaliste espagnole a pu \u00e9viter le contr\u00f4le du Polisario pour aller seule \u00e0 leur rencontre, mais elle s\u2019est heurt\u00e9e au silence de la majorit\u00e9 d\u2019entre eux craignant pour leur vie ou celle des membres de leur famille. Ses investigations l\u2019ont men\u00e9e vers Mahfoud, qui a t\u00e9moign\u00e9 \u00e0 visage d\u00e9couvert, faisant remarquer qu\u2019il n\u2019avait plus rien \u00e0 perdre. Malgr\u00e9 la duret\u00e9 et la fermet\u00e9 de son caract\u00e8re, le jeune homme n\u2019a pas pu retenir ses larmes lorsqu\u2019il a \u00e9voqu\u00e9 comment il avait \u00e9t\u00e9 enlev\u00e9 et viol\u00e9 \u00e0 cause de sa r\u00e9bellion contre le Polisario. Mahfoud a d\u00e9nonc\u00e9, \u00e0 cette m\u00eame occasion, les d\u00e9tournements par les responsables du Polisario de l\u2019aide alimentaire destin\u00e9e aux r\u00e9fugi\u00e9s sahraouis dans les camps de Tindouf. \u00abIls les vendent \u00e0 B\u00e9char et Oran\u00bb, a-t-il dit.<\/p>\n<p>Le t\u00e9moignage de Mahfoud en d\u00e9faveur du Polisario a co\u00fbt\u00e9 cher au jeune homme, qui s\u2019est vu, avec sa m\u00e8re et sa s\u0153ur, priv\u00e9 de toute aide des dirigeants polisariens. La journaliste a voulu \u00e9galement, \u00e0 travers ce documentaire, d\u00e9noncer les d\u00e9tournements de l\u2019aide m\u00e9dicale destin\u00e9e aux camps de Tindouf. En t\u00e9moigne l\u2019\u00e9tat d\u00e9plorable d\u2019un h\u00f4pital de l\u2019un de ces camps lequel semble d\u00e9sert\u00e9 par les patients par manque de m\u00e9dicaments et de mat\u00e9riel m\u00e9dical.<\/p>\n<p>Apr\u00e8s ce difficile p\u00e9riple aux camps de Tindouf, la journalise a mis le cap \u00e0 La\u00e2youne en m\u00e9tamorphose, o\u00f9 la vie suit son cours normalement, et ce contrairement \u00e0 la propagande des ennemis de l\u2019int\u00e9grit\u00e9 territoriale au Maroc. La journaliste a mis en avant l\u2019am\u00e9lioration des conditions de la femme sahraouie \u00e0 travers sa pr\u00e9sence parmi les \u00e9lus locaux au conseil communal de La\u00e2youne ou le fait qu\u2019elle occupe des postes de d\u00e9cision dans les secteurs cl\u00e9s au Sahara marocain. Elle a tenu \u00e0 faire part comment, \u00e0 titre d\u2019exemple, La\u00e2youne a pu renforcer ses infrastructures gr\u00e2ce \u00e0 la mise en place de grands projets \u00e9conomiques et socioculturels tels que la station de dessalement de l\u2019eau de mer, le march\u00e9 au poisson, les abattoirs, la gare routi\u00e8re, les parcs \u00e9olien et solaire et la grande biblioth\u00e8que (consid\u00e9r\u00e9e comme la deuxi\u00e8me apr\u00e8s celle de Rabat),\u2026<\/p>\n<p>Auteur: Najat Fa\u00efssal<br \/>\n<a href=\"http:\/\/aujourdhui.ma\/actualite\/de-tindouf-a-laayoune-la-route-de-la-dignite-le-documentaire-choc-de-medi1-tv\">Cliquez ici pour lire l&rsquo;article depuis sa source.<\/a><\/p>\n","protected":false},"excerpt":{"rendered":"<p>La cha\u00eene de t\u00e9l\u00e9 Medi1 TV continue d\u2019impressionner ses t\u00e9l\u00e9spectateurs par des enqu\u00eates chocs dont \u00abDe Tindouf \u00e0 La\u00e2youne, la route de la dignit\u00e9\u00bb qui d\u00e9nonce, preuves \u00e0 l\u2019appui, les exactions commises par le Polisario avec le soutien de l\u2019Alg\u00e9rie, tout en montrant le calvaire des Sahraouis dans les camps de Tindouf. D\u2019une dur\u00e9e de [&hellip;]<\/p>\n","protected":false},"author":1759,"featured_media":0,"comment_status":"closed","ping_status":"closed","sticky":false,"template":"","format":"standard","meta":{"fifu_image_url":"","fifu_image_alt":"","footnotes":""},"categories":[73,54],"tags":[],"class_list":["post-27863","post","type-post","status-publish","format-standard","hentry","category-actualite","category-maroc"],"_links":{"self":[{"href":"https:\/\/linitiative.ca\/International\/wp-json\/wp\/v2\/posts\/27863","targetHints":{"allow":["GET"]}}],"collection":[{"href":"https:\/\/linitiative.ca\/International\/wp-json\/wp\/v2\/posts"}],"about":[{"href":"https:\/\/linitiative.ca\/International\/wp-json\/wp\/v2\/types\/post"}],"author":[{"embeddable":true,"href":"https:\/\/linitiative.ca\/International\/wp-json\/wp\/v2\/users\/1759"}],"replies":[{"embeddable":true,"href":"https:\/\/linitiative.ca\/International\/wp-json\/wp\/v2\/comments?post=27863"}],"version-history":[{"count":0,"href":"https:\/\/linitiative.ca\/International\/wp-json\/wp\/v2\/posts\/27863\/revisions"}],"wp:attachment":[{"href":"https:\/\/linitiative.ca\/International\/wp-json\/wp\/v2\/media?parent=27863"}],"wp:term":[{"taxonomy":"category","embeddable":true,"href":"https:\/\/linitiative.ca\/International\/wp-json\/wp\/v2\/categories?post=27863"},{"taxonomy":"post_tag","embeddable":true,"href":"https:\/\/linitiative.ca\/International\/wp-json\/wp\/v2\/tags?post=27863"}],"curies":[{"name":"wp","href":"https:\/\/api.w.org\/{rel}","templated":true}]}}