{"id":27864,"date":"2019-04-15T04:54:37","date_gmt":"2019-04-15T08:54:37","guid":{"rendered":"https:\/\/linitiative.ca\/International\/les-enseignants-mettent-fin-a-leur-greve\/"},"modified":"2019-04-15T04:54:37","modified_gmt":"2019-04-15T08:54:37","slug":"les-enseignants-mettent-fin-a-leur-greve","status":"publish","type":"post","link":"https:\/\/linitiative.ca\/International\/les-enseignants-mettent-fin-a-leur-greve\/","title":{"rendered":"Les enseignants mettent fin \u00e0 leur gr\u00e8ve"},"content":{"rendered":"<header>\n<\/header>\n<div class=\"entry-content clearfix\" readability=\"63\"><img decoding=\"async\" class=\"post_layout_5_img\" src=\"http:\/\/aujourdhui.ma\/wp-content\/uploads\/2019\/04\/manifestation-professeur.jpg?x29840\" alt=\"Les enseignants mettent fin \u00e0 leur gr\u00e8ve\"\/><\/p>\n<p>Le minist\u00e8re de l\u2019\u00e9ducation nationale, de la Formation professionnelle, de l\u2019enseignement sup\u00e9rieur et de la recherche scientifique, secteur de l\u2019\u00e9ducation nationale<span id=\"more-309195\"\/>, a annonc\u00e9 samedi la suspension de toutes les mesures administratives et juridiques prises \u00e0 l\u2019encontre de certains enseignants-cadres des Acad\u00e9mies r\u00e9gionales de l\u2019\u00e9ducation et de la formation (Aref), tout en assurant le versement des salaires suspendus et le r\u00e9examen de la situation des concern\u00e9s.<\/p>\n<p>Ces mesures ont \u00e9t\u00e9 prises au terme d\u2019une rencontre tenue samedi \u00e0 Rabat et \u00e0 laquelle ont pris part le pr\u00e9sident de la commission r\u00e9gionale du Conseil national des droits de l\u2019Homme (CNDH), en sa qualit\u00e9 de repr\u00e9sentant de la pr\u00e9sidente de cette instance, et ce, dans le cadre du r\u00f4le de m\u00e9diateur tel que stipul\u00e9 par l\u2019article 10 de la loi 76-15, ainsi que le pr\u00e9sident de l\u2019Observatoire national du syst\u00e8me de l\u2019\u00e9ducation et de la formation (ONEF), les secr\u00e9taires g\u00e9n\u00e9raux des syndicats de l\u2019enseignement les plus repr\u00e9sentatifs et les repr\u00e9sentants des enseignants-cadres des acad\u00e9mies, indique un communiqu\u00e9 du minist\u00e8re, affirmant que le d\u00e9bat entre toutes les parties concern\u00e9es \u00e9tait \u00abs\u00e9rieux\u00bb et \u00abresponsable\u00bb.<br \/>Lors de cette r\u00e9union, il a \u00e9t\u00e9 convenu de reporter l\u2019examen de qualification professionnelle \u00e0 une date ult\u00e9rieure afin de permettre aux enseignants-cadres des Aref de bien s\u2019y pr\u00e9parer ainsi que de poursuivre le dialogue autour de ce dossier dans sa globalit\u00e9, pr\u00e9cise-t-on de m\u00eame source.<\/p>\n<p>Les repr\u00e9sentants des enseignants-cadres ont de leur part exprim\u00e9, en leur nom et en celui de tous les professeurs concern\u00e9s, leur engagement de reprendre le travail \u00e0 partir de ce lundi 15 avril 2019, souligne le communiqu\u00e9, qui pr\u00e9cise que toutes les parties ont convenu de tenir la prochaine r\u00e9union le 23 avril.<\/p>\n<\/div>\n<p>Auteur: ALM<br \/>\n<a href=\"http:\/\/aujourdhui.ma\/societe\/les-enseignants-mettent-fin-a-leur-greve\">Cliquez ici pour lire l&rsquo;article depuis sa source.<\/a><\/p>\n","protected":false},"excerpt":{"rendered":"<p>Le minist\u00e8re de l\u2019\u00e9ducation nationale, de la Formation professionnelle, de l\u2019enseignement sup\u00e9rieur et de la recherche scientifique, secteur de l\u2019\u00e9ducation nationale, a annonc\u00e9 samedi la suspension de toutes les mesures administratives et juridiques prises \u00e0 l\u2019encontre de certains enseignants-cadres des Acad\u00e9mies r\u00e9gionales de l\u2019\u00e9ducation et de la formation (Aref), tout en assurant le versement des [&hellip;]<\/p>\n","protected":false},"author":1759,"featured_media":0,"comment_status":"closed","ping_status":"closed","sticky":false,"template":"","format":"standard","meta":{"fifu_image_url":"","fifu_image_alt":"","footnotes":""},"categories":[73,54],"tags":[],"class_list":["post-27864","post","type-post","status-publish","format-standard","hentry","category-actualite","category-maroc"],"_links":{"self":[{"href":"https:\/\/linitiative.ca\/International\/wp-json\/wp\/v2\/posts\/27864","targetHints":{"allow":["GET"]}}],"collection":[{"href":"https:\/\/linitiative.ca\/International\/wp-json\/wp\/v2\/posts"}],"about":[{"href":"https:\/\/linitiative.ca\/International\/wp-json\/wp\/v2\/types\/post"}],"author":[{"embeddable":true,"href":"https:\/\/linitiative.ca\/International\/wp-json\/wp\/v2\/users\/1759"}],"replies":[{"embeddable":true,"href":"https:\/\/linitiative.ca\/International\/wp-json\/wp\/v2\/comments?post=27864"}],"version-history":[{"count":0,"href":"https:\/\/linitiative.ca\/International\/wp-json\/wp\/v2\/posts\/27864\/revisions"}],"wp:attachment":[{"href":"https:\/\/linitiative.ca\/International\/wp-json\/wp\/v2\/media?parent=27864"}],"wp:term":[{"taxonomy":"category","embeddable":true,"href":"https:\/\/linitiative.ca\/International\/wp-json\/wp\/v2\/categories?post=27864"},{"taxonomy":"post_tag","embeddable":true,"href":"https:\/\/linitiative.ca\/International\/wp-json\/wp\/v2\/tags?post=27864"}],"curies":[{"name":"wp","href":"https:\/\/api.w.org\/{rel}","templated":true}]}}