{"id":27866,"date":"2019-04-15T04:58:34","date_gmt":"2019-04-15T08:58:34","guid":{"rendered":"https:\/\/linitiative.ca\/International\/benchaaboun-se-reunit-a-washington-avec-la-dg-du-fmi-et-le-president-de-la-bm\/"},"modified":"2019-04-15T04:58:34","modified_gmt":"2019-04-15T08:58:34","slug":"benchaaboun-se-reunit-a-washington-avec-la-dg-du-fmi-et-le-president-de-la-bm","status":"publish","type":"post","link":"https:\/\/linitiative.ca\/International\/benchaaboun-se-reunit-a-washington-avec-la-dg-du-fmi-et-le-president-de-la-bm\/","title":{"rendered":"Bencha\u00e2boun se r\u00e9unit \u00e0 Washington avec  la DG du FMI et le pr\u00e9sident de la BM"},"content":{"rendered":"<p><img decoding=\"async\" class=\"post_layout_5_img\" src=\"http:\/\/aujourdhui.ma\/wp-content\/uploads\/2019\/04\/benchaaboune-FMI-BM.jpg?x29840\" alt=\"Bencha\u00e2boun se r\u00e9unit \u00e0 Washington avec la DG du FMI et le pr\u00e9sident de la BM\"\/><\/p>\n<p>Le ministre de l\u2019\u00e9conomie et des finances, Mohamed Bencha\u00e2boun, a tenu une r\u00e9union, \u00e0 Washington, avec la directrice g\u00e9n\u00e9rale du Fonds mon\u00e9taire international (FMI), Christine Lagarde<span id=\"more-309200\"\/>, \u00e0 l\u2019occasion de sa participation aux R\u00e9unions de printemps de la Banque mondiale et du FMI.<\/p>\n<p>Lors de cette entrevue, qui a eu lieu vendredi, M. Bencha\u00e2boun et Mme Lagarde se sont r\u00e9jouis de l\u2019\u00e9tat d\u2019avancement des pr\u00e9paratifs aff\u00e9rents \u00e0 l\u2019organisation des assembl\u00e9es annuelles 2021 du FMI et de la Banque mondiale \u00e0 Marrakech. A cet \u00e9gard, le ministre de l\u2019\u00e9conomie et des finances a r\u00e9affirm\u00e9 l\u2019engagement du Maroc d\u2019assurer la bonne r\u00e9ussite de cet important \u00e9v\u00e8nement, indique un communiqu\u00e9 de ce d\u00e9partement parvenu \u00e0 la MAP.<\/p>\n<p>Cette rencontre a \u00e9t\u00e9, par ailleurs, l\u2019occasion, selon la m\u00eame source, de rappeler les efforts accomplis par le Maroc en mati\u00e8re \u00e9conomique et financi\u00e8re.<br \/>A ce titre, M. Bencha\u00e2boun a soulign\u00e9 la volont\u00e9 du Royaume de \u00abpoursuivre les r\u00e9formes, dans le cadre de la r\u00e9flexion sur le nouveau mod\u00e8le de d\u00e9veloppement, dans l\u2019objectif de promouvoir la cr\u00e9ation d\u2019emplois, de renforcer le capital humain et de cr\u00e9er les leviers pour une plus grande implication du secteur priv\u00e9\u00bb.<\/p>\n<p>Pour sa part, la DG du FMI a \u00absalu\u00e9 les performance de l\u2019\u00e9conomie marocaine et la pertinence des politiques entreprises et r\u00e9affirm\u00e9 l\u2019appui de son institution aux efforts du Maroc pour acc\u00e9l\u00e9rer la mise en \u0153uvre des r\u00e9formes en vue de renforcer les marges de man\u0153uvre et promouvoir une croissance plus forte et inclusive\u00bb. Durant son s\u00e9jour \u00e0 Washington, le ministre de l\u2019\u00e9conomie et des finances a eu \u00e9galement des entretiens avec le pr\u00e9sident de la Banque mondiale (BM), David Malpass. Les r\u00e9unions de la BM et du FMI ont eu lieu dans la capitale f\u00e9d\u00e9rale des Etats-Unis, du 8 au 14 avril, en pr\u00e9sence de repr\u00e9sentants des pays membres des deux institutions internationales, du secteur priv\u00e9, des ONG, du milieu universitaire ainsi que des m\u00e9dias, pour discuter des grands dossiers mondiaux: conjoncture \u00e9conomique mondiale, lutte contre la pauvret\u00e9, d\u00e9veloppement \u00e9conomique, efficacit\u00e9 de l\u2019aide\u2026<\/p>\n<p>Le Maroc a \u00e9t\u00e9 officiellement d\u00e9sign\u00e9 en avril 2018 pour accueillir l\u2019\u00e9dition 2021 des assembl\u00e9es annuelles de la BM et du FMI et ce, au terme d\u2019un processus d\u2019\u00e9valuation des candidatures d\u00e9pos\u00e9es par 13 pays.<\/p>\n<p>Auteur: ALM<br \/>\n<a href=\"http:\/\/aujourdhui.ma\/economie\/benchaaboun-se-reunit-a-washington-avec-la-dg-du-fmi-et-le-president-de-la-bm\">Cliquez ici pour lire l&rsquo;article depuis sa source.<\/a><\/p>\n","protected":false},"excerpt":{"rendered":"<p>Le ministre de l\u2019\u00e9conomie et des finances, Mohamed Bencha\u00e2boun, a tenu une r\u00e9union, \u00e0 Washington, avec la directrice g\u00e9n\u00e9rale du Fonds mon\u00e9taire international (FMI), Christine Lagarde, \u00e0 l\u2019occasion de sa participation aux R\u00e9unions de printemps de la Banque mondiale et du FMI. Lors de cette entrevue, qui a eu lieu vendredi, M. Bencha\u00e2boun et Mme [&hellip;]<\/p>\n","protected":false},"author":1759,"featured_media":0,"comment_status":"closed","ping_status":"closed","sticky":false,"template":"","format":"standard","meta":{"fifu_image_url":"","fifu_image_alt":"","footnotes":""},"categories":[73,54],"tags":[],"class_list":["post-27866","post","type-post","status-publish","format-standard","hentry","category-actualite","category-maroc"],"_links":{"self":[{"href":"https:\/\/linitiative.ca\/International\/wp-json\/wp\/v2\/posts\/27866","targetHints":{"allow":["GET"]}}],"collection":[{"href":"https:\/\/linitiative.ca\/International\/wp-json\/wp\/v2\/posts"}],"about":[{"href":"https:\/\/linitiative.ca\/International\/wp-json\/wp\/v2\/types\/post"}],"author":[{"embeddable":true,"href":"https:\/\/linitiative.ca\/International\/wp-json\/wp\/v2\/users\/1759"}],"replies":[{"embeddable":true,"href":"https:\/\/linitiative.ca\/International\/wp-json\/wp\/v2\/comments?post=27866"}],"version-history":[{"count":0,"href":"https:\/\/linitiative.ca\/International\/wp-json\/wp\/v2\/posts\/27866\/revisions"}],"wp:attachment":[{"href":"https:\/\/linitiative.ca\/International\/wp-json\/wp\/v2\/media?parent=27866"}],"wp:term":[{"taxonomy":"category","embeddable":true,"href":"https:\/\/linitiative.ca\/International\/wp-json\/wp\/v2\/categories?post=27866"},{"taxonomy":"post_tag","embeddable":true,"href":"https:\/\/linitiative.ca\/International\/wp-json\/wp\/v2\/tags?post=27866"}],"curies":[{"name":"wp","href":"https:\/\/api.w.org\/{rel}","templated":true}]}}