{"id":27869,"date":"2019-04-15T05:05:30","date_gmt":"2019-04-15T09:05:30","guid":{"rendered":"https:\/\/linitiative.ca\/International\/mawazine-2019-le-meilleur-de-la-scene-africaine-a-lhonneur\/"},"modified":"2019-04-15T05:05:30","modified_gmt":"2019-04-15T09:05:30","slug":"mawazine-2019-le-meilleur-de-la-scene-africaine-a-lhonneur","status":"publish","type":"post","link":"https:\/\/linitiative.ca\/International\/mawazine-2019-le-meilleur-de-la-scene-africaine-a-lhonneur\/","title":{"rendered":"Mawazine 2019 : Le meilleur  de la sc\u00e8ne africaine \u00e0 l\u2019honneur"},"content":{"rendered":"<p><img decoding=\"async\" class=\"post_layout_5_img\" src=\"http:\/\/aujourdhui.ma\/wp-content\/uploads\/2019\/04\/Mawazine-2019.jpg?x29840\" alt=\"Mawazine 2019 : Le meilleur de la sc\u00e8ne africaine \u00e0 l\u2019honneur\"\/><\/p>\n<p>Le Festival Mawazine- Rythmes du Monde, pr\u00e9vu du 21 au 29 juin 2019, d\u00e9voile les artistes de la sc\u00e8ne Bouregreg. Selon les organisateurs, le meilleur de la sc\u00e8ne africaine sera \u00e0 l\u2019honneur. <span id=\"more-309208\"\/>Ainsi, le public aura rendez-vous lors de l\u2019ouverture avec BCUC. Ce groupe sud-africain unique en son genre navigue \u00e0 mi-chemin entre le free jazz, le hip hop des origines, les Stooges dissonants et l\u2019\u00e9nergie balanc\u00e9e de James Brown. Avec BCUC, c\u2019est aussi le souvenir de Fela Kuti et son cocktail afro-beat made in Lagos. La soir\u00e9e du lendemain, samedi 22 juin, sera tout aussi \u00e9lectrique. Venu de Kinshasa, le groupe Kokoko se produira pour une premi\u00e8re partie pleine d\u2019\u00e9nergie. Compos\u00e9e de musiciens et d\u2019artistes plasticiens, cette formation excelle dans la musique \u00e9lectronique, qu\u2019elle r\u00e9invente avec des instruments de r\u00e9cup\u00e9ration. Maya Wegerif, alias Sho Madjozi, prendra ensuite le relais pour une prestation qui s\u2019annonce extatique.<br \/>Le programme donne \u00e0 voir \u00e9galement le grand Kery James. Celui-ci se produira dimanche 23 juin. Figure du rap francophone, cet artiste livrera une performance sans concession. Militant de la premi\u00e8re heure, le quadra n\u00e9 \u00e0 Ha\u00efti entonnera les paroles de son dernier album, J\u2019rap encore, mais aussi les lyrics qui ont fait son succ\u00e8s depuis la sortie de son premier titre en 1992 \u00e0 l\u2019\u00e2ge de 15 ans.<\/p>\n<p>Le collectif des Amazones d\u2019Afrique sera \u00e0 l\u2019honneur lundi 24 juin. Form\u00e9 de huit divas r\u00e9unies dans la lutte contre les violences faites aux femmes, ce groupe r\u00e9unit les plus grandes voix f\u00e9minines du continent : Kandia Kouyat\u00e9, Mamani Keita, Rokia Kon\u00e9, Ang\u00e9lique Kidjo, Nneka, Mariam Kon\u00e9, Mouneissa Tandina et Pamela Badjogo. Qu\u2019elle soit malienne, b\u00e9ninoise, nig\u00e9riane ou gabonaise, chacune chantera pour sensibiliser le public au combat pour les femmes et contre les barbaries dont elles sont victimes.<br \/>Le mardi 25 juin, les festivaliers vivront une v\u00e9ritable odyss\u00e9e musicale avec Delgres. Il s\u2019agit d\u2019un groupe de trois musiciens fran\u00e7ais dont le chanteur Pascal Dana\u00eb, originaire de Guadeloupe. Tirant son nom d\u2019un h\u00e9ros, la formation explore les racines enfouies \u00e0 la recherche d\u2019un blues personnel et intime. Riche de sa double culture africaine et europ\u00e9enne, Youssoupha sera, mercredi 26 juin, l\u2019une des t\u00eates d\u2019affiche du Bouregreg. Celui qui domine le rap fran\u00e7ais par son verbe et sa libert\u00e9 de parole maniera les mots comme personne, avec un rap conscient inspir\u00e9 de sa jeunesse et de la vie en banlieue.<\/p>\n<p>Le jeudi 27 juin, un autre ph\u00e9nom\u00e8ne prendra place. Il s\u2019agit du grand Kamasi Washington, saxophoniste de Los Angeles et porte-\u00e9tendard du new jazz west coast. Celui-ci d\u00e9barquera avec sa formation de virtuoses pour un concert qui m\u00ealera jazz, funk, free, soul, blues et rock. Un mix d\u00e9tonnant qui fait de cet ovni musical une ic\u00f4ne Outre-Atlantique.<br \/>Le chanteur togolais Peter Solo et son groupe Vaudou Game cr\u00e9eront la surprise vendredi 28 juin avec une musique qui fait resurgir le son de l\u2019afro-funk. Sur des harmonies vaudou, la formation d\u00e9voilera une autre image de cette culture ancestrale, o\u00f9 la nature et ses \u00e9l\u00e9ments tiennent une place fondamentale.<br \/>Enfin, le concert de cl\u00f4ture sera marqu\u00e9 par la prestation de Koba LaD. Cet artiste s\u2019est impos\u00e9 dans le rap hexagonal \u00e0 l\u2019\u00e2ge de seulement 19 ans. Avec ses freestyles t\u00e9n\u00e9breux et ses hits dansants, le chanteur cumule d\u00e9j\u00e0 des millions de vues sur YouTube. Une nouvelle sensation dont le dernier album, VII, sorti fin 2018, a d\u00e9j\u00e0 \u00e9t\u00e9 certifi\u00e9 disque d\u2019or.<\/p>\n<p>Auteur: ALM<br \/>\n<a href=\"http:\/\/aujourdhui.ma\/culture\/mawazine-2019-le-meilleur-de-la-scene-africaine-a-lhonneur\">Cliquez ici pour lire l&rsquo;article depuis sa source.<\/a><\/p>\n","protected":false},"excerpt":{"rendered":"<p>Le Festival Mawazine- Rythmes du Monde, pr\u00e9vu du 21 au 29 juin 2019, d\u00e9voile les artistes de la sc\u00e8ne Bouregreg. Selon les organisateurs, le meilleur de la sc\u00e8ne africaine sera \u00e0 l\u2019honneur. Ainsi, le public aura rendez-vous lors de l\u2019ouverture avec BCUC. Ce groupe sud-africain unique en son genre navigue \u00e0 mi-chemin entre le free [&hellip;]<\/p>\n","protected":false},"author":1759,"featured_media":0,"comment_status":"closed","ping_status":"closed","sticky":false,"template":"","format":"standard","meta":{"fifu_image_url":"","fifu_image_alt":"","footnotes":""},"categories":[73,54],"tags":[],"class_list":["post-27869","post","type-post","status-publish","format-standard","hentry","category-actualite","category-maroc"],"_links":{"self":[{"href":"https:\/\/linitiative.ca\/International\/wp-json\/wp\/v2\/posts\/27869","targetHints":{"allow":["GET"]}}],"collection":[{"href":"https:\/\/linitiative.ca\/International\/wp-json\/wp\/v2\/posts"}],"about":[{"href":"https:\/\/linitiative.ca\/International\/wp-json\/wp\/v2\/types\/post"}],"author":[{"embeddable":true,"href":"https:\/\/linitiative.ca\/International\/wp-json\/wp\/v2\/users\/1759"}],"replies":[{"embeddable":true,"href":"https:\/\/linitiative.ca\/International\/wp-json\/wp\/v2\/comments?post=27869"}],"version-history":[{"count":0,"href":"https:\/\/linitiative.ca\/International\/wp-json\/wp\/v2\/posts\/27869\/revisions"}],"wp:attachment":[{"href":"https:\/\/linitiative.ca\/International\/wp-json\/wp\/v2\/media?parent=27869"}],"wp:term":[{"taxonomy":"category","embeddable":true,"href":"https:\/\/linitiative.ca\/International\/wp-json\/wp\/v2\/categories?post=27869"},{"taxonomy":"post_tag","embeddable":true,"href":"https:\/\/linitiative.ca\/International\/wp-json\/wp\/v2\/tags?post=27869"}],"curies":[{"name":"wp","href":"https:\/\/api.w.org\/{rel}","templated":true}]}}