{"id":27870,"date":"2019-04-15T05:06:56","date_gmt":"2019-04-15T09:06:56","guid":{"rendered":"https:\/\/linitiative.ca\/International\/les-memes-chances\/"},"modified":"2019-04-15T05:06:56","modified_gmt":"2019-04-15T09:06:56","slug":"les-memes-chances","status":"publish","type":"post","link":"https:\/\/linitiative.ca\/International\/les-memes-chances\/","title":{"rendered":"Les m\u00eames chances"},"content":{"rendered":"<p><img decoding=\"async\" class=\"post_layout_5_img\" src=\"http:\/\/aujourdhui.ma\/wp-content\/uploads\/2018\/11\/Ahmed-GHAYET-1.jpg?x29840\" alt=\"Les m\u00eames chances\"\/><\/p>\n<p>Ces mots extraits du discours de SM le Roi \u00e0 l\u2019occasion de l\u2019ouverture de l\u2019ann\u00e9e l\u00e9gislative r\u00e9sument \u00e0 eux seuls le d\u00e9fi qui nous est pos\u00e9<span id=\"more-309211\"\/> : il est primordial -pour aujourd\u2019hui et pour demain- que quelle que soit la r\u00e9gion o\u00f9 il est n\u00e9, quelle que soit la situation de sa famille, quel que soit son r\u00e9seau de connaissances\u2026\/\u2026 tout(e) Marocain(e) ait des chances \u00e9gales de r\u00e9ussite.<br \/>Or nous le savons bien, cela n\u2019est absolument pas le cas actuellement -loin s\u2019en faut- en posant ce challenge devant tous les parlementaires, SM le Roi leur a impos\u00e9 une responsabilit\u00e9 qui si elle n\u2019\u00e9tait pas assum\u00e9e hypoth\u00e9querait les chances de notre pays en mettant \u00e0 mal sa stabilit\u00e9, les disparit\u00e9s sociales devenant insupportables. Ce passage du discours royal nous met face \u00e0 l\u2019avenir :<\/p>\n<p>\u00abNotre pays fait face \u00e0 des enjeux et \u00e0 des d\u00e9fis multiples et imbriqu\u00e9s les uns dans les autres. Pour les relever, l\u2019attentisme et les calculs \u00e9triqu\u00e9s ne sont gu\u00e8re permis.<br \/>En effet, le Maroc doit s\u2019affirmer comme un pays d\u2019opportunit\u00e9s et non d\u2019opportunistes. Quel qu\u2019il soit, chaque citoyen marocain doit jouir des m\u00eames chances pour servir son pays et \u00eatre sur un pied d\u2019\u00e9galit\u00e9 avec ses compatriotes pour tirer profit des richesses nationales et des occasions d\u2019\u00e9panouissement et d\u2019ascension sociale.<br \/>A vrai dire, le Maroc a besoin, aujourd\u2019hui plus que jamais, de vrais patriotes, mus par la seule volont\u00e9 de d\u00e9fendre les int\u00e9r\u00eats de leur pays, de leurs concitoyens, exclusivement pr\u00e9occup\u00e9s par le souci de rassembler les Marocains et non de les diviser\u00bb.<\/p>\n<p>On mesure le chemin \u00e0 parcourir : les opportunistes ont pris le pas sur les opportunit\u00e9s, l\u2019ascenseur social n\u2019est m\u00eame plus en panne, il est cass\u00e9 !<br \/>Diviser les Marocains ?! Certains hommes politiques, de par leur populisme, n\u2019ont cess\u00e9 de nous dresser les uns contre les autres : pour une jupe, pour un festival, pour un voile\u2026 or les hommes d\u2019Etat existent, pr\u00eats \u00e0 assumer les responsabilit\u00e9s, h\u00e9las trop de partis politiques pr\u00e9f\u00e8rent reconduire les m\u00eames dirigeants plut\u00f4t que de leur donner la possibilit\u00e9 d\u2019\u00e9merger.<br \/>Quant aux patriotes, on ne cesse de d\u00e9valoriser ce terme, au point de le faire passer pour une injure !<\/p>\n<p>L\u2019\u00e9chec de notre mod\u00e8le de d\u00e9veloppement est patent mais qui peut aujourd\u2019hui proposer un mod\u00e8le mobilisateur et f\u00e9d\u00e9rateur ?<br \/>Quels sont les politiques aujourd\u2019hui capables de nous pousser -tous- \u00e0 d\u00e9passer notre paralysie et faire passer l\u2019int\u00e9r\u00eat commun avant tout : redonner de l\u2019espoir, tracer des perspectives, donner des raisons d\u2019y croire, cr\u00e9er du sens, r\u00e9-inventer du \u00abcommun\u00bb\u2026?<\/p>\n<p>Ils existent bien s\u00fbr \u2013 et r\u00e9p\u00e9ter \u00e0 longueur de temps le leitmotiv \u00abtous pourris\u00bb est \u00e0 la fois injuste et d\u00e9mobilisateur- \u00e0 eux d\u2019\u00e9carter ceux qui les (et nous) tirent vers le bas et faire appel \u00e0 une nouvelle g\u00e9n\u00e9ration de comp\u00e9tences, correspondant aux crit\u00e8res r\u00e9p\u00e9t\u00e9s par le Souverain dans son discours : \u00abLe Maroc a aussi besoin d\u2019hommes d\u2019Etat sinc\u00e8res et engag\u00e9s \u00e0 assumer avec abn\u00e9gation les responsabilit\u00e9s qui leur incombent.\u00bb<\/p>\n<p>Il est encore temps ! Mais justement ce temps presse, car il n\u2019est pas possible de nous r\u00e9soudre \u00e0 voir notre jeunesse c\u00e9der aux chim\u00e8res de l\u2019immigration clandestine au p\u00e9ril de leurs vies.<br \/>Je terminerais cette tribune par quelques phrases d\u2019un magnifique texte \u00e9crit par le jeune Mehdi Jamal Alaoui et lu au Forum euro-m\u00e9diterran\u00e9en des jeunes leaders \u00e0 Essaouira, dont la force a donn\u00e9 le frisson \u00e0 la salle :<\/p>\n<p>\u00abQui suis-je ? Je ne sais plus o\u00f9 je vais, je ne sais plus qui je suis, je ne sers \u00e0 rien.<br \/>Telles \u00e9taient tes pens\u00e9es, lorsque tu atterris face \u00e0 la mer, face \u00e0 ton sort tellement amer.<br \/>Telles \u00e9taient les id\u00e9es qui te traversaient l\u2019esprit alors que tu scrutais au loin le soleil s\u2019empressant d\u2019effleurer l\u2019horizon azur, tandis que tu voyais de plus pr\u00e8s ta vie pourrir par l\u2019usure\u2026\u00bb.<\/p>\n<p>Auteur: Ahmed GHAYET<br \/>\n<a href=\"http:\/\/aujourdhui.ma\/chroniques\/les-memes-chances\">Cliquez ici pour lire l&rsquo;article depuis sa source.<\/a><\/p>\n","protected":false},"excerpt":{"rendered":"<p>Ces mots extraits du discours de SM le Roi \u00e0 l\u2019occasion de l\u2019ouverture de l\u2019ann\u00e9e l\u00e9gislative r\u00e9sument \u00e0 eux seuls le d\u00e9fi qui nous est pos\u00e9 : il est primordial -pour aujourd\u2019hui et pour demain- que quelle que soit la r\u00e9gion o\u00f9 il est n\u00e9, quelle que soit la situation de sa famille, quel que [&hellip;]<\/p>\n","protected":false},"author":1759,"featured_media":0,"comment_status":"closed","ping_status":"closed","sticky":false,"template":"","format":"standard","meta":{"fifu_image_url":"","fifu_image_alt":"","footnotes":""},"categories":[73,54],"tags":[],"class_list":["post-27870","post","type-post","status-publish","format-standard","hentry","category-actualite","category-maroc"],"_links":{"self":[{"href":"https:\/\/linitiative.ca\/International\/wp-json\/wp\/v2\/posts\/27870","targetHints":{"allow":["GET"]}}],"collection":[{"href":"https:\/\/linitiative.ca\/International\/wp-json\/wp\/v2\/posts"}],"about":[{"href":"https:\/\/linitiative.ca\/International\/wp-json\/wp\/v2\/types\/post"}],"author":[{"embeddable":true,"href":"https:\/\/linitiative.ca\/International\/wp-json\/wp\/v2\/users\/1759"}],"replies":[{"embeddable":true,"href":"https:\/\/linitiative.ca\/International\/wp-json\/wp\/v2\/comments?post=27870"}],"version-history":[{"count":0,"href":"https:\/\/linitiative.ca\/International\/wp-json\/wp\/v2\/posts\/27870\/revisions"}],"wp:attachment":[{"href":"https:\/\/linitiative.ca\/International\/wp-json\/wp\/v2\/media?parent=27870"}],"wp:term":[{"taxonomy":"category","embeddable":true,"href":"https:\/\/linitiative.ca\/International\/wp-json\/wp\/v2\/categories?post=27870"},{"taxonomy":"post_tag","embeddable":true,"href":"https:\/\/linitiative.ca\/International\/wp-json\/wp\/v2\/tags?post=27870"}],"curies":[{"name":"wp","href":"https:\/\/api.w.org\/{rel}","templated":true}]}}