{"id":27872,"date":"2019-04-15T05:10:29","date_gmt":"2019-04-15T09:10:29","guid":{"rendered":"https:\/\/linitiative.ca\/International\/maroc-namibie-le-23-juin-au-caire\/"},"modified":"2019-04-15T05:10:29","modified_gmt":"2019-04-15T09:10:29","slug":"maroc-namibie-le-23-juin-au-caire","status":"publish","type":"post","link":"https:\/\/linitiative.ca\/International\/maroc-namibie-le-23-juin-au-caire\/","title":{"rendered":"Maroc-Namibie le 23 juin au Caire"},"content":{"rendered":"<p><img decoding=\"async\" class=\"post_layout_5_img\" src=\"http:\/\/aujourdhui.ma\/wp-content\/uploads\/2019\/04\/equipe-maroc-foot-selection-marocaine.jpg?x29840\" alt=\"Maroc-Namibie le 23 juin au Caire\"\/><\/p>\n<p>Suivi par plus d\u2019un milliard de spectateurs, le tirage au sort de la 32e Coupe d\u2019Afrique des Nations (CAN) 2019, qui s\u2019est d\u00e9roul\u00e9 vendredi au Caire<span id=\"more-309216\"\/>, a suscit\u00e9 un vif int\u00e9r\u00eat et a donn\u00e9 lieu \u00e0 des rencontres chocs, notamment pour le Maroc qui a h\u00e9rit\u00e9 d\u2019un groupe relev\u00e9 qui comprend l\u2019Afrique du Sud, la C\u00f4te d\u2019Ivoire et la Namibie.<\/p>\n<p>Au moins deux chocs devront pimenter le 1er tour de cette comp\u00e9tition continentale. Les Lions de l\u2019Atlas retrouveront d\u00e8s la phase de poules les \u00c9l\u00e9phants de C\u00f4te d\u2019Ivoire, tandis que le S\u00e9n\u00e9gal, qui r\u00eave d\u2019un premier sacre plus de 17 ans apr\u00e8s la finale malheureuse de 2002, croisera le fer avec l\u2019Alg\u00e9rie.<\/p>\n<p>Les Lions de l\u2019Atlas devront ainsi confirmer les r\u00e9sultats positifs obtenus lors de la derni\u00e8re Coupe du monde en Russie et chercher \u00e0 remporter le titre apr\u00e8s 43 ans d\u2019absence.<br \/>L\u2019\u00e9quipe marocaine qui a domin\u00e9 le groupe B avec 11 points, \u00e0 \u00e9galit\u00e9 avec le Cameroun, est consid\u00e9r\u00e9e comme l\u2019un des meilleurs pr\u00e9tendants \u00e0 ce titre continental, apr\u00e8s sa belle prestation lors de la Coupe du monde 2018. Les Lions de l\u2019Atlas, qui ont disput\u00e9 17 fois les phases finales de la Coupe d\u2019Afrique des Nations, n\u2019ont \u00e9t\u00e9 sacr\u00e9s qu\u2019une seule fois en 1976, ont atteint la finale lors de l\u2019\u00e9dition 2004 et ont termin\u00e9 troisi\u00e8me en 1980 et quatri\u00e8me en 1986 et 1988.<\/p>\n<p>S\u2019exprimant sur le sujet, Herv\u00e9 Renard a indiqu\u00e9, avec nuance, que \u00ables adversaires sont, certes, forts, mais le Maroc dispose des atouts n\u00e9cessaires pour signer une participation honorable dans cette comp\u00e9tition\u00bb. Et d\u2019ajouter : \u00ab\u00catre log\u00e9 dans un groupe difficile est pour nous une source de motivation pour d\u00e9ployer tous les efforts afin d\u2019honorer le football marocain\u00bb.<br \/>Pour leur part, les \u00c9l\u00e9phants de C\u00f4te d\u2019Ivoire qui ont termin\u00e9 les \u00e9liminatoires de la CAN 2019 \u00e0 la deuxi\u00e8me place derri\u00e8re la Guin\u00e9e avec 11 points, devront cravacher dur avec l\u2019aide de l\u2019entra\u00eeneur Ibrahima Camara, et les talents des joueurs Wilfred Zaha de Crystal Palace, Maxwell Cornet de Lyon, Jean-Michel Seri de Fulham et le milieu de terrain Frank Casey de Milan, pour arracher le titre continental pour la troisi\u00e8me fois. Les Bafana Bafana qui ont aussi termin\u00e9 deuxi\u00e8me du groupe E derri\u00e8re le Nigeria avec 12 points, sont \u00e9galement en qu\u00eate d\u2019un deuxi\u00e8me sacre. L\u2019entra\u00eeneur sud-africain Gordon Egosund compte sur une nouvelle g\u00e9n\u00e9ration de joueurs avec \u00e0 leur t\u00eate l\u2019attaquant Percy Tao et Thumba Zwani.<br \/>La Namibie qui est \u00e0 sa premi\u00e8re participation aux phases finales de la CAN apr\u00e8s avoir pris la deuxi\u00e8me place de son groupe derri\u00e8re la Guin\u00e9e-Bissau avec huit points cherche \u00e0 faire une belle prestation sous la direction de Ricardo Magnetti.<\/p>\n<p>Les phases finales de la CAN 2019 vont \u00eatre marqu\u00e9es par la pr\u00e9sence en force, et pour la premi\u00e8re fois, de cinq \u00e9quipes arabes, en l\u2019occurrence le Maroc, l\u2019Egypte, la Tunisie, l\u2019Alg\u00e9rie et la Mauritanie.<\/p>\n<p>Auteur: ALM<br \/>\n<a href=\"http:\/\/aujourdhui.ma\/une\/maroc-namibie-le-23-juin-au-caire\">Cliquez ici pour lire l&rsquo;article depuis sa source.<\/a><\/p>\n","protected":false},"excerpt":{"rendered":"<p>Suivi par plus d\u2019un milliard de spectateurs, le tirage au sort de la 32e Coupe d\u2019Afrique des Nations (CAN) 2019, qui s\u2019est d\u00e9roul\u00e9 vendredi au Caire, a suscit\u00e9 un vif int\u00e9r\u00eat et a donn\u00e9 lieu \u00e0 des rencontres chocs, notamment pour le Maroc qui a h\u00e9rit\u00e9 d\u2019un groupe relev\u00e9 qui comprend l\u2019Afrique du Sud, la [&hellip;]<\/p>\n","protected":false},"author":1759,"featured_media":0,"comment_status":"closed","ping_status":"closed","sticky":false,"template":"","format":"standard","meta":{"fifu_image_url":"","fifu_image_alt":"","footnotes":""},"categories":[73,54],"tags":[],"class_list":["post-27872","post","type-post","status-publish","format-standard","hentry","category-actualite","category-maroc"],"_links":{"self":[{"href":"https:\/\/linitiative.ca\/International\/wp-json\/wp\/v2\/posts\/27872","targetHints":{"allow":["GET"]}}],"collection":[{"href":"https:\/\/linitiative.ca\/International\/wp-json\/wp\/v2\/posts"}],"about":[{"href":"https:\/\/linitiative.ca\/International\/wp-json\/wp\/v2\/types\/post"}],"author":[{"embeddable":true,"href":"https:\/\/linitiative.ca\/International\/wp-json\/wp\/v2\/users\/1759"}],"replies":[{"embeddable":true,"href":"https:\/\/linitiative.ca\/International\/wp-json\/wp\/v2\/comments?post=27872"}],"version-history":[{"count":0,"href":"https:\/\/linitiative.ca\/International\/wp-json\/wp\/v2\/posts\/27872\/revisions"}],"wp:attachment":[{"href":"https:\/\/linitiative.ca\/International\/wp-json\/wp\/v2\/media?parent=27872"}],"wp:term":[{"taxonomy":"category","embeddable":true,"href":"https:\/\/linitiative.ca\/International\/wp-json\/wp\/v2\/categories?post=27872"},{"taxonomy":"post_tag","embeddable":true,"href":"https:\/\/linitiative.ca\/International\/wp-json\/wp\/v2\/tags?post=27872"}],"curies":[{"name":"wp","href":"https:\/\/api.w.org\/{rel}","templated":true}]}}