{"id":27880,"date":"2019-04-15T07:47:00","date_gmt":"2019-04-15T11:47:00","guid":{"rendered":"https:\/\/linitiative.ca\/International\/hausse-des-prix-des-carburants-la-conect-appelle-a-renoncer-aux-augmentations-immediatement\/"},"modified":"2019-04-15T07:47:00","modified_gmt":"2019-04-15T11:47:00","slug":"hausse-des-prix-des-carburants-la-conect-appelle-a-renoncer-aux-augmentations-immediatement","status":"publish","type":"post","link":"https:\/\/linitiative.ca\/International\/hausse-des-prix-des-carburants-la-conect-appelle-a-renoncer-aux-augmentations-immediatement\/","title":{"rendered":"Hausse des prix des carburants : La CONECT appelle \u00e0 renoncer aux augmentations imm\u00e9diatement"},"content":{"rendered":"<p>Un communiqu\u00e9 de la CONECT dont une copie est parvenu \u00e0 la r\u00e9daction souligne que suite aux derni\u00e8res augmentations des prix du carburant d\u00e9cid\u00e9es sans aucune pr\u00e9paration ni concertations pr\u00e9alables et eu \u00e9gard \u00e0 leurs graves r\u00e9percussions sur les citoyens de mani\u00e8re g\u00e9n\u00e9rale et le secteur du transport particuli\u00e8rement, le Groupement du Transport et de la Logistique de la CONECT et l\u2019Union Nationale des Taxis :<\/p>\n<p>\u2013 D\u00e9sapprouvent de mani\u00e8re cat\u00e9gorique ces augmentations non justifi\u00e9es en rapport surtout avec leurs graves cons\u00e9quences sur le pouvoir d\u2019achat des professionnels et les d\u00e9fis que le secteur doit confronter notamment \u00e0 la suite des augmentations successives du taux directeur d\u2019int\u00e9r\u00eat.<\/p>\n<p>\u2013 Lancent un appel urgent aux autorit\u00e9s comp\u00e9tentes pour renoncer imm\u00e9diatement \u00e0 ces augmentations et ouvrir un d\u00e9bat responsable avec les organisations professionnelles et tous les partenaires sociaux concern\u00e9s en vue d\u2019arr\u00eater les solutions ad\u00e9quates\u00a0 permettant de sauver le secteur, de parer au risque de faillite et de garantir la p\u00e9rennit\u00e9 de ce secteur vital.<\/p>\n<p>\u2013 Demandent au Minist\u00e8re du Transport de rompre avec les approches fragmentaires, les promesses inappropri\u00e9es et les mesures provisoires qui ont prouv\u00e9 leur \u00e9chec total et expriment leur fort appui \u00e0 tous les mouvements pacifistes de protestation pour la d\u00e9fense de leurs int\u00e9r\u00eats, un droit consacr\u00e9 par la constitution.<\/p>\n<p class=\"dpsp-share-text\">Partager c&rsquo;est aimer!<\/p>\n<div class=\"wp-post-author-wrap wp-post-author-shortcode left\">\n<h3 class=\"awpa-title\"\/>\n<div class=\"wp-post-author\">\n<div class=\"awpa-img awpa-author-block square\"><a href=\"http:\/\/lexpertjournal.net\/fr\/author\/expert\/\"><img loading=\"lazy\" decoding=\"async\" alt=\"\" src=\"http:\/\/2.gravatar.com\/avatar\/56d99be2a6f97af88ccb49fada637fcd?s=150&#038;d=mm&#038;r=g\" srcset=\"http:\/\/2.gravatar.com\/avatar\/56d99be2a6f97af88ccb49fada637fcd?s=300&#038;d=mm&#038;r=g 2x\" class=\"avatar avatar-150 photo\" height=\"150\" width=\"150\"\/><\/a><\/div>\n<\/div>\n<\/div>\n<p>Auteur: L&rsquo;expert<br \/>\n<a href=\"http:\/\/lexpertjournal.net\/fr\/2019\/04\/15\/hausse-des-prix-des-carburants-la-conect-appelle-a-renoncer-aux-augmentations-immediatement\/\">Cliquez ici pour lire l&rsquo;article depuis sa source.<\/a><\/p>\n","protected":false},"excerpt":{"rendered":"<p>Un communiqu\u00e9 de la CONECT dont une copie est parvenu \u00e0 la r\u00e9daction souligne que suite aux derni\u00e8res augmentations des prix du carburant d\u00e9cid\u00e9es sans aucune pr\u00e9paration ni concertations pr\u00e9alables et eu \u00e9gard \u00e0 leurs graves r\u00e9percussions sur les citoyens de mani\u00e8re g\u00e9n\u00e9rale et le secteur du transport particuli\u00e8rement, le Groupement du Transport et de [&hellip;]<\/p>\n","protected":false},"author":1775,"featured_media":0,"comment_status":"closed","ping_status":"closed","sticky":false,"template":"","format":"standard","meta":{"fifu_image_url":"","fifu_image_alt":"","footnotes":""},"categories":[78,55],"tags":[],"class_list":["post-27880","post","type-post","status-publish","format-standard","hentry","category-economie","category-tunisie"],"_links":{"self":[{"href":"https:\/\/linitiative.ca\/International\/wp-json\/wp\/v2\/posts\/27880","targetHints":{"allow":["GET"]}}],"collection":[{"href":"https:\/\/linitiative.ca\/International\/wp-json\/wp\/v2\/posts"}],"about":[{"href":"https:\/\/linitiative.ca\/International\/wp-json\/wp\/v2\/types\/post"}],"author":[{"embeddable":true,"href":"https:\/\/linitiative.ca\/International\/wp-json\/wp\/v2\/users\/1775"}],"replies":[{"embeddable":true,"href":"https:\/\/linitiative.ca\/International\/wp-json\/wp\/v2\/comments?post=27880"}],"version-history":[{"count":0,"href":"https:\/\/linitiative.ca\/International\/wp-json\/wp\/v2\/posts\/27880\/revisions"}],"wp:attachment":[{"href":"https:\/\/linitiative.ca\/International\/wp-json\/wp\/v2\/media?parent=27880"}],"wp:term":[{"taxonomy":"category","embeddable":true,"href":"https:\/\/linitiative.ca\/International\/wp-json\/wp\/v2\/categories?post=27880"},{"taxonomy":"post_tag","embeddable":true,"href":"https:\/\/linitiative.ca\/International\/wp-json\/wp\/v2\/tags?post=27880"}],"curies":[{"name":"wp","href":"https:\/\/api.w.org\/{rel}","templated":true}]}}